{"id":32767,"date":"2026-04-27T07:51:33","date_gmt":"2026-04-27T05:51:33","guid":{"rendered":"https:\/\/big-brokers-health.com\/citoyens-americains-sinstallant-au-portugal-en-2026-visas-acces-au-sns-assurance-privee-locale-et-ipmi\/"},"modified":"2026-04-27T07:52:28","modified_gmt":"2026-04-27T05:52:28","slug":"citoyens-americains-sinstallant-au-portugal-en-2026-visas-acces-au-sns-assurance-privee-locale-et-ipmi","status":"publish","type":"post","link":"https:\/\/big-brokers-health.com\/fr\/citoyens-americains-sinstallant-au-portugal-en-2026-visas-acces-au-sns-assurance-privee-locale-et-ipmi\/","title":{"rendered":"Citoyens am\u00e9ricains s\u2019installant au Portugal en 2026 : visas, acc\u00e8s au SNS, assurance priv\u00e9e locale et IPMI"},"content":{"rendered":"\n\n<style>\n  .ipmi-article {\n    --ink:#111827;\n    --muted:#4b5563;\n    --bg:#ffffff;\n    --panel:#f8fafc;\n    --line:#e5e7eb;\n    --accent:#0f766e;\n    --accent-2:#1f2937;\n\n    color:var(--ink);\n    background:var(--bg);\n    font-family: ui-sans-serif, system-ui, -apple-system, Segoe UI, Roboto, Helvetica, Arial, \"Apple Color Emoji\",\"Segoe UI Emoji\";\n    line-height:1.7;\n    font-size:18px;\n  }\n\n  .ipmi-article .wrap{\n    max-width: 980px;\n    margin: 0 auto;\n    padding: 32px 18px 64px;\n  }\n\n  .ipmi-article h1{\n    font-size: 44px;\n    line-height:1.15;\n    margin: 0 0 12px;\n    letter-spacing:-0.02em;\n  }\n  .ipmi-article h2{\n    font-size: 28px;\n    margin: 42px 0 14px;\n    letter-spacing:-0.01em;\n  }\n  .ipmi-article h3{\n    font-size: 21px;\n    margin: 22px 0 10px;\n  }\n\n  .ipmi-article p{ margin: 0 0 16px; }\n\n  .ipmi-article .dek{\n    color: var(--muted);\n    font-size: 20px;\n    margin-bottom: 18px;\n  }\n\n  .ipmi-article .meta{\n    display:flex;\n    flex-wrap:wrap;\n    gap:10px 14px;\n    color:var(--muted);\n    font-size:14px;\n    margin: 12px 0 28px;\n  }\n  .ipmi-article .pill{\n    border:1px solid var(--line);\n    background:var(--panel);\n    padding:6px 10px;\n    border-radius:999px;\n  }\n\n  .ipmi-article a{ color:var(--accent); text-decoration:none; }\n  .ipmi-article a:hover{ text-decoration:underline; }\n\n  .ipmi-article hr{\n    border:none;\n    border-top:1px solid var(--line);\n    margin: 36px 0;\n  }\n\n  .ipmi-article .toc{\n    border:1px solid var(--line);\n    background:var(--panel);\n    padding: 16px 16px 8px;\n    border-radius: 14px;\n    margin: 18px 0 30px;\n  }\n  .ipmi-article .toc strong{\n    display:block;\n    margin-bottom:8px;\n    color:var(--accent-2);\n    font-size:15px;\n    letter-spacing: .02em;\n    text-transform:uppercase;\n  }\n  .ipmi-article .toc ol{\n    margin: 0 0 8px 22px;\n    padding:0;\n    font-size:16px;\n    color:var(--muted);\n  }\n  .ipmi-article .toc li{ margin: 6px 0; }\n\n  .ipmi-article .callout{\n    border:1px solid rgba(15,118,110,.25);\n    background: rgba(15,118,110,.06);\n    padding: 16px 16px 14px;\n    border-radius: 14px;\n    margin: 22px 0;\n  }\n  .ipmi-article .callout .title{\n    font-weight:700;\n    margin-bottom:6px;\n    color:var(--accent-2);\n  }\n\n  .ipmi-article ul, .ipmi-article ol{\n    margin: 0 0 18px 24px;\n  }\n  .ipmi-article li{ margin: 8px 0; }\n\n  .ipmi-article .compare{\n    border:1px solid var(--line);\n    border-radius: 16px;\n    overflow:hidden;\n    margin: 18px 0;\n  }\n  .ipmi-article table{\n    width:100%;\n    border-collapse:collapse;\n    font-size:16px;\n  }\n  .ipmi-article th, .ipmi-article td{\n    padding: 12px 12px;\n    vertical-align:top;\n    border-bottom:1px solid var(--line);\n  }\n  .ipmi-article th{\n    background:var(--panel);\n    color:var(--accent-2);\n    text-align:left;\n    font-weight:700;\n  }\n  .ipmi-article tr:last-child td{ border-bottom:none; }\n\n  .ipmi-article .cards{\n    display:grid;\n    grid-template-columns: repeat(auto-fit, minmax(260px, 1fr));\n    gap:14px;\n    margin: 18px 0;\n  }\n  .ipmi-article .card{\n    border:1px solid var(--line);\n    border-radius: 16px;\n    padding: 16px 16px 14px;\n    background:#fff;\n  }\n  .ipmi-article .card .kicker{\n    font-size:13px;\n    letter-spacing:.06em;\n    text-transform:uppercase;\n    color:var(--muted);\n    margin-bottom: 6px;\n  }\n  .ipmi-article .card .headline{\n    font-weight:800;\n    font-size:18px;\n    margin-bottom: 8px;\n  }\n\n  .ipmi-article .note{\n    font-size:14px;\n    color:var(--muted);\n  }\n\n  .ipmi-article .checklist{\n    border:1px dashed var(--line);\n    border-radius: 16px;\n    padding: 16px 16px 6px;\n    background: #fff;\n    margin: 18px 0;\n  }\n\n  .ipmi-article .footer{\n    margin-top: 40px;\n    padding-top: 18px;\n    border-top: 1px solid var(--line);\n    color: var(--muted);\n    font-size: 14px;\n  }\n\n  .ipmi-article .sources li{ margin: 10px 0; }\n  .ipmi-article sup a{ font-size: 13px; }\n\n  .ipmi-article details{\n    border:1px solid var(--line);\n    border-radius: 14px;\n    padding: 12px 14px;\n    background:#fff;\n    margin: 10px 0;\n  }\n  .ipmi-article summary{\n    cursor:pointer;\n    font-weight:800;\n    color:var(--accent-2);\n  }\n\n  .ipmi-article pre{\n    border:1px solid var(--line);\n    background:var(--panel);\n    padding:12px 14px;\n    border-radius: 14px;\n    overflow:auto;\n    font-size:16px;\n    line-height:1.6;\n    margin: 0 0 16px;\n  }\n<\/style>\n\n<article class=\"ipmi-article\">\n  <div class=\"wrap\">\n\n    <header>\n\n      <p class=\"dek\">\n        Si vous \u00eates citoyen am\u00e9ricain et que vous vous installez au Portugal en 2026, le choix de votre assurance sant\u00e9 ne se r\u00e9sume pas \u00e0 une d\u00e9cision unique. Il s\u2019agit d\u2019une suite d\u2019arbitrages. D\u2019abord, la demande de visa. Ensuite, l\u2019arriv\u00e9e sur le territoire et la proc\u00e9dure post-entr\u00e9e aupr\u00e8s de l\u2019AIMA. Puis le calendrier d\u2019acc\u00e8s au syst\u00e8me public de sant\u00e9 portugais, le SNS. Enfin, une question plus strat\u00e9gique se pose : une assurance maladie priv\u00e9e limit\u00e9e au Portugal suffit-elle \u00e0 votre foyer, ou une couverture internationale portable reste-t-elle plus adapt\u00e9e ?\n      <\/p>\n    <\/header>\n\n    <section id=\"intro\">\n      <h2>Introduction<\/h2>\n\n      <p>\n        Pour la plupart des Am\u00e9ricains, le premier crit\u00e8re d\u00e9terminant est la dur\u00e9e du s\u00e9jour. Les informations officielles portugaises indiquent que les citoyens am\u00e9ricains n\u2019ont pas besoin de visa pour les courts s\u00e9jours jusqu\u2019\u00e0 90 jours. En revanche, les ressortissants de pays tiers qui souhaitent s\u00e9journer au Portugal plus de 90 jours doivent g\u00e9n\u00e9ralement obtenir le visa national de long s\u00e9jour appropri\u00e9. Les visas de r\u00e9sidence sont valables quatre mois et permettent deux entr\u00e9es. Pendant cette p\u00e9riode, le titulaire doit demander un titre de s\u00e9jour. Le d\u00e9lai de d\u00e9cision standard publi\u00e9 pour un visa de r\u00e9sidence est de 60 jours, sauf disposition l\u00e9gale contraire.<sup><a href=\"#src-1\">[1]<\/a><\/sup><sup><a href=\"#src-2\">[2]<\/a><\/sup><sup><a href=\"#src-3\">[3]<\/a><\/sup><sup><a href=\"#src-4\">[4]<\/a><\/sup><sup><a href=\"#src-5\">[5]<\/a><\/sup>\n      <\/p>\n\n      <p>\n        La question de l\u2019assurance doit donc \u00eatre abord\u00e9e par \u00e9tapes. Les sources officielles examin\u00e9es pour cet article ne permettent pas de conclure simplement : \u00ab utilisez le syst\u00e8me public \u00bb ou \u00ab souscrivez une assurance priv\u00e9e \u00bb. Elles invitent plut\u00f4t \u00e0 suivre un cadre pratique : couverture au stade du visa, continuit\u00e9 de couverture \u00e0 l\u2019arriv\u00e9e, inscription une fois r\u00e9sident, puis choix \u00e9clair\u00e9 entre assurance priv\u00e9e locale et IPMI, selon la stabilit\u00e9 probable de votre vie au Portugal au cours des trois \u00e0 dix prochaines ann\u00e9es.<sup><a href=\"#src-8\">[8]<\/a><\/sup><sup><a href=\"#src-9\">[9]<\/a><\/sup><sup><a href=\"#src-10\">[10]<\/a><\/sup><sup><a href=\"#src-14\">[14]<\/a><\/sup><sup><a href=\"#src-15\">[15]<\/a><\/sup><sup><a href=\"#src-16\">[16]<\/a><\/sup><sup><a href=\"#src-21\">[21]<\/a><\/sup><sup><a href=\"#src-22\">[22]<\/a><\/sup><sup><a href=\"#src-23\">[23]<\/a><\/sup><sup><a href=\"#src-24\">[24]<\/a><\/sup><sup><a href=\"#src-25\">[25]<\/a><\/sup><sup><a href=\"#src-26\">[26]<\/a><\/sup>\n      <\/p>\n    <\/section>\n\n    <section id=\"executive-brief\">\n      <h2>Synth\u00e8se ex\u00e9cutive<\/h2>\n\n      <div class=\"callout\">\n        <div class=\"title\">Synth\u00e8se ex\u00e9cutive : les points essentiels<\/div>\n        <ul>\n          <li><strong>Au-del\u00e0 de 90 jours, le cadre change :<\/strong> vous quittez g\u00e9n\u00e9ralement le r\u00e9gime du visiteur exempt\u00e9 de visa pour entrer dans le cadre portugais des visas nationaux.<\/li>\n          <li><strong>Les visas D7 et D8 reposent sur des justificatifs diff\u00e9rents :<\/strong> le D7 s\u2019appuie sur des revenus passifs ou des revenus propres ; le D8 repose sur la preuve d\u2019une activit\u00e9 professionnelle \u00e0 distance.<\/li>\n          <li><strong>La preuve d\u2019assurance pour le visa ne vaut pas automatiquement acc\u00e8s aux soins en tant que r\u00e9sident :<\/strong> les listes de contr\u00f4le officielles D7 et D8 mentionnent une assurance voyage, tandis que le cadre AIMA relatif au titre de s\u00e9jour fait r\u00e9f\u00e9rence \u00e0 une assurance sant\u00e9 ou \u00e0 une preuve de couverture par le SNS.<\/li>\n          <li><strong>L\u2019acc\u00e8s au SNS d\u00e9pend de la r\u00e9sidence l\u00e9gale et de donn\u00e9es administratives reli\u00e9es :<\/strong> gov.pt rattache la prise en charge des frais de sant\u00e9 \u00e0 une pi\u00e8ce d\u2019identification, un NIF, une adresse au Portugal et un titre de s\u00e9jour valide.<\/li>\n          <li><strong>L\u2019inscription au centre de sant\u00e9 est une d\u00e9marche distincte :<\/strong> cette inscription locale permet de transformer votre \u00e9ligibilit\u00e9 au SNS en acc\u00e8s effectif aux soins du quotidien.<\/li>\n          <li><strong>L\u2019assurance priv\u00e9e locale et l\u2019IPMI r\u00e9pondent \u00e0 des besoins diff\u00e9rents :<\/strong> une couverture locale peut convenir \u00e0 une strat\u00e9gie centr\u00e9e sur le Portugal ; l\u2019IPMI r\u00e9pond davantage aux enjeux de mobilit\u00e9, de couverture territoriale \u00e9largie, d\u2019\u00e9vacuation, de rapatriement et de continuit\u00e9 d\u2019assurance.<\/li>\n          <li><strong>Raisonnez \u00e0 3\u201310 ans, pas seulement au jour du visa :<\/strong> renouvellements de titre, \u00e9volutions familiales, voyages aux \u00c9tats-Unis et futurs d\u00e9m\u00e9nagements peuvent tous influencer la structure d\u2019assurance la plus pertinente.<\/li>\n        <\/ul>\n      <\/div>\n    <\/section>\n\n    <section class=\"toc\" id=\"contents\">\n      <strong>Sommaire<\/strong>\n      <ol>\n        <li><a href=\"#executive-brief-main\">Synth\u00e8se ex\u00e9cutive<\/a><\/li>\n        <li><a href=\"#timeline\">Chronologie A\u2013Z : pr\u00e9paration, arriv\u00e9e, inscription, premi\u00e8re ann\u00e9e<\/a><\/li>\n        <li><a href=\"#visa-routes\">Principales voies de visa<\/a><\/li>\n        <li><a href=\"#visa-insurance-proof\">Preuve d\u2019assurance pour le visa<\/a><\/li>\n        <li><a href=\"#sns-registration\">Inscription au SNS et calendrier<\/a><\/li>\n        <li><a href=\"#local-private-vs-ipmi\">Assurance priv\u00e9e locale vs IPMI<\/a><\/li>\n        <li><a href=\"#renewal-continuity\">Renouvellement et continuit\u00e9 de couverture<\/a><\/li>\n        <li><a href=\"#checklists-faq-sources\">Checklists, FAQ, sources<\/a><\/li>\n      <\/ol>\n    <\/section>\n\n    <section id=\"executive-brief-main\">\n      <h2>Synth\u00e8se ex\u00e9cutive<\/h2>\n\n      <div class=\"cards\">\n        <div class=\"card\">\n          <div class=\"kicker\">Dur\u00e9e du visa<\/div>\n          <div class=\"headline\">Court s\u00e9jour et r\u00e9sidence rel\u00e8vent de parcours distincts<\/div>\n          <p>\n            Si vous vous installez pour plus de 90 jours, vous quittez g\u00e9n\u00e9ralement le r\u00e9gime du visiteur exempt\u00e9 de visa pour entrer dans le cadre portugais des visas nationaux. Les visas de r\u00e9sidence sont valables quatre mois, permettent deux entr\u00e9es et servent ensuite \u00e0 demander un titre de s\u00e9jour.<sup><a href=\"#src-1\">[1]<\/a><\/sup><sup><a href=\"#src-2\">[2]<\/a><\/sup><sup><a href=\"#src-3\">[3]<\/a><\/sup><sup><a href=\"#src-5\">[5]<\/a><\/sup>\n          <\/p>\n        <\/div>\n\n        <div class=\"card\">\n          <div class=\"kicker\">D7 \/ D8<\/div>\n          <div class=\"headline\">Les justificatifs d\u00e9terminent la voie appropri\u00e9e<\/div>\n          <p>\n            Les demandes de type D7 reposent sur des revenus passifs ou des revenus propres. Les demandes D8 pour travail \u00e0 distance s\u2019appuient sur la preuve d\u2019une activit\u00e9 professionnelle \u00e0 distance et sur un seuil officiel de revenus \u00e9quivalant \u00e0 quatre fois la r\u00e9mun\u00e9ration mensuelle minimale portugaise. Sur la base du minimum officiel 2026 de 920 \u20ac, cela repr\u00e9sente un seuil documentaire de 3 680 \u20ac par mois.<sup><a href=\"#src-6\">[6]<\/a><\/sup><sup><a href=\"#src-7\">[7]<\/a><\/sup><sup><a href=\"#src-8\">[8]<\/a><\/sup><sup><a href=\"#src-9\">[9]<\/a><\/sup>\n          <\/p>\n        <\/div>\n\n        <div class=\"card\">\n          <div class=\"kicker\">Preuve d\u2019assurance<\/div>\n          <div class=\"headline\">La preuve au stade du visa diff\u00e8re de celle exig\u00e9e au stade r\u00e9sident<\/div>\n          <p>\n            Les listes de contr\u00f4le officielles D7 et D8 exigent une assurance voyage valide couvrant les frais m\u00e9dicaux n\u00e9cessaires, l\u2019assistance d\u2019urgence et un \u00e9ventuel rapatriement. \u00c0 l\u2019inverse, la page g\u00e9n\u00e9rale AIMA relative au titre de s\u00e9jour mentionne une assurance sant\u00e9 ou une preuve de couverture par le SNS.<sup><a href=\"#src-8\">[8]<\/a><\/sup><sup><a href=\"#src-9\">[9]<\/a><\/sup><sup><a href=\"#src-10\">[10]<\/a><\/sup>\n          <\/p>\n        <\/div>\n\n        <div class=\"card\">\n          <div class=\"kicker\">Acc\u00e8s au SNS<\/div>\n          <div class=\"headline\">La r\u00e9sidence l\u00e9gale est le point d\u2019ancrage<\/div>\n          <p>\n            Gov.pt indique que les ressortissants \u00e9trangers r\u00e9sidant l\u00e9galement au Portugal peuvent obtenir un num\u00e9ro d\u2019utilisateur SNS. Il pr\u00e9cise \u00e9galement que la prise en charge des frais par le SNS suppose que le dossier utilisateur soit reli\u00e9 \u00e0 une pi\u00e8ce d\u2019identification, un num\u00e9ro fiscal portugais, une adresse compl\u00e8te au Portugal et un titre de s\u00e9jour valide.<sup><a href=\"#src-14\">[14]<\/a><\/sup><sup><a href=\"#src-15\">[15]<\/a><\/sup>\n          <\/p>\n        <\/div>\n\n        <div class=\"card\">\n          <div class=\"kicker\">Inscription locale<\/div>\n          <div class=\"headline\">L\u2019inscription au centre de sant\u00e9 est une d\u00e9marche distincte<\/div>\n          <p>\n            Gov.pt indique que les ressortissants \u00e9trangers titulaires d\u2019un titre de s\u00e9jour portugais peuvent s\u2019inscrire dans un centre de sant\u00e9. Les documents mentionn\u00e9s comprennent le num\u00e9ro d\u2019utilisateur SNS, le titre de s\u00e9jour, l\u2019adresse au Portugal, le num\u00e9ro d\u2019identification civile, le num\u00e9ro fiscal et la preuve des prestations auxquelles la personne a droit.<sup><a href=\"#src-16\">[16]<\/a><\/sup>\n          <\/p>\n        <\/div>\n\n        <div class=\"card\">\n          <div class=\"kicker\">Strat\u00e9gie<\/div>\n          <div class=\"headline\">L\u2019assurance priv\u00e9e locale et l\u2019IPMI ne couvrent pas les m\u00eames besoins<\/div>\n          <p>\n            Les documents officiels des assureurs pr\u00e9sentent de mani\u00e8re coh\u00e9rente l\u2019IPMI comme une couverture portable, administr\u00e9e \u00e0 l\u2019international. Ce point peut \u00eatre d\u00e9terminant si vous anticipez de futurs d\u00e9m\u00e9nagements, avez besoin d\u2019une couverture territoriale plus large ou souhaitez des garanties telles que l\u2019\u00e9vacuation et le rapatriement.<sup><a href=\"#src-21\">[21]<\/a><\/sup><sup><a href=\"#src-22\">[22]<\/a><\/sup><sup><a href=\"#src-23\">[23]<\/a><\/sup><sup><a href=\"#src-24\">[24]<\/a><\/sup><sup><a href=\"#src-25\">[25]<\/a><\/sup><sup><a href=\"#src-26\">[26]<\/a><\/sup>\n          <\/p>\n        <\/div>\n      <\/div>\n    <\/section>\n\n    <section id=\"timeline\">\n      <h2>Chronologie A\u2013Z : pr\u00e9paration, arriv\u00e9e, inscription, premi\u00e8re ann\u00e9e<\/h2>\n\n      <p>\n        La chronologie ci-dessous constitue un cadre pratique de planification, et non un calendrier officiel de d\u00e9lais. Elle s\u2019appuie sur la dur\u00e9e de validit\u00e9 publi\u00e9e du visa de r\u00e9sidence, le d\u00e9lai standard de traitement du visa de r\u00e9sidence, les pages AIMA relatives aux documents requis pour le titre de s\u00e9jour, ainsi que les r\u00e8gles gov.pt concernant l\u2019inscription au SNS et au centre de sant\u00e9.<sup><a href=\"#src-3\">[3]<\/a><\/sup><sup><a href=\"#src-4\">[4]<\/a><\/sup><sup><a href=\"#src-5\">[5]<\/a><\/sup><sup><a href=\"#src-10\">[10]<\/a><\/sup><sup><a href=\"#src-11\">[11]<\/a><\/sup><sup><a href=\"#src-14\">[14]<\/a><\/sup><sup><a href=\"#src-15\">[15]<\/a><\/sup><sup><a href=\"#src-16\">[16]<\/a><\/sup>\n      <\/p>\n\n      <div class=\"compare\">\n        <table>\n          <thead>\n            <tr>\n              <th>Calendrier<\/th>\n              <th>Ce que vous devriez faire<\/th>\n              <th>Pourquoi c\u2019est important pour votre couverture sant\u00e9<\/th>\n            <\/tr>\n          <\/thead>\n          <tbody>\n            <tr>\n              <td>Environ 6\u20134 mois avant votre installation pr\u00e9vue<\/td>\n              <td>Identifiez la voie de visa la plus probable ; v\u00e9rifiez votre circonscription consulaire ; commencez \u00e0 r\u00e9unir les actes d\u2019\u00e9tat civil, extraits de casier judiciaire, justificatifs de logement et justificatifs financiers. Si le D8 est envisag\u00e9, v\u00e9rifiez si votre activit\u00e9 doit \u00eatre document\u00e9e comme emploi \u00e0 distance ou comme prestation de services \u00e0 distance.<\/td>\n              <td>L\u2019assurance doit \u00eatre planifi\u00e9e en m\u00eame temps que la voie de visa, car les listes de contr\u00f4le officielles D7 et D8 exigent une preuve d\u2019assurance voyage, et la voie D8 s\u2019appuie sur les revenus document\u00e9s des trois mois pr\u00e9c\u00e9dents.<\/td>\n            <\/tr>\n            <tr>\n              <td>Environ 4\u20132 mois avant le d\u00e9p\u00f4t<\/td>\n              <td>Constituez le dossier de visa autour de la voie exacte, et non \u00e0 partir de conseils g\u00e9n\u00e9riques trouv\u00e9s en ligne. Les d\u00e9cisions relatives aux visas de r\u00e9sidence sont g\u00e9n\u00e9ralement annonc\u00e9es dans un d\u00e9lai de 60 jours ; pr\u00e9voyez donc une marge pour les corrections, authentifications et \u00e9ventuels nouveaux d\u00e9p\u00f4ts.<\/td>\n              <td>C\u2019est \u00e0 ce stade que vous d\u00e9terminez quel justificatif d\u2019assurance vous pouvez r\u00e9ellement produire : non seulement la couverture que vous souhaitez \u00e0 long terme, mais celle qui correspond \u00e0 la liste de contr\u00f4le applicable \u00e0 votre visa.<\/td>\n            <\/tr>\n            <tr>\n              <td>\u00c0 la d\u00e9livrance du visa<\/td>\n              <td>Consid\u00e9rez le visa comme une fen\u00eatre d\u2019entr\u00e9e et de conversion, et non comme votre situation d\u00e9finitive. La r\u00e8gle officielle pr\u00e9voit quatre mois \/ 120 jours pour un visa de r\u00e9sidence, suivis de la demande de titre de s\u00e9jour apr\u00e8s l\u2019arriv\u00e9e.<\/td>\n              <td>Si votre contrat ne couvre que la demande consulaire sans s\u00e9curiser la p\u00e9riode d\u2019arriv\u00e9e, vous risquez de cr\u00e9er une rupture de couverture pr\u00e9cis\u00e9ment au moment o\u00f9 vous avez le plus besoin de souplesse administrative.<\/td>\n            <\/tr>\n            <tr>\n              <td>Premier mois au Portugal<\/td>\n              <td>Suivez les instructions AIMA propres \u00e0 votre voie ou le processus indiqu\u00e9 par votre consulat. Conservez dans un m\u00eame dossier votre passeport, votre visa, vos justificatifs d\u2019adresse et vos documents d\u2019assurance.<\/td>\n              <td>La page g\u00e9n\u00e9rale AIMA mentionne l\u2019assurance sant\u00e9 ou la preuve de couverture par le SNS parmi les documents requis pour la d\u00e9livrance du titre de s\u00e9jour, et les circuits de prise de rendez-vous ont chang\u00e9 en 2025.<\/td>\n            <\/tr>\n            <tr>\n              <td>Une fois l\u00e9galement r\u00e9sident<\/td>\n              <td>Obtenez votre num\u00e9ro d\u2019utilisateur SNS si vous n\u2019en avez pas d\u00e9j\u00e0 un. Inscrivez-vous ensuite aupr\u00e8s du centre de sant\u00e9 de votre zone de r\u00e9sidence.<\/td>\n              <td>Gov.pt fait de la r\u00e9sidence l\u00e9gale un \u00e9l\u00e9ment central de l\u2019acc\u00e8s au SNS et de la prise en charge des frais de sant\u00e9. Un num\u00e9ro SNS est utile, mais il ne suffit pas n\u00e9cessairement \u00e0 finaliser l\u2019inscription effective au syst\u00e8me public.<\/td>\n            <\/tr>\n            <tr>\n              <td>Premi\u00e8re ann\u00e9e<\/td>\n              <td>R\u00e9\u00e9valuez les besoins de votre foyer : contrat priv\u00e9 limit\u00e9 au Portugal, structure IPMI plus portable, ou combinaison entre acc\u00e8s au SNS et couverture priv\u00e9e compl\u00e9mentaire.<\/td>\n              <td>C\u2019est \u00e0 ce stade que la question d\u2019assurance li\u00e9e au visa s\u2019efface au profit d\u2019une v\u00e9ritable strat\u00e9gie de sant\u00e9 \u00e0 moyen terme.<\/td>\n            <\/tr>\n          <\/tbody>\n        <\/table>\n      <\/div>\n\n      <p>\n        Une mani\u00e8re simple de structurer la premi\u00e8re ann\u00e9e consiste \u00e0 distinguer trois questions : votre demande de visa demande \u00ab quelle couverture est acceptable pour l\u2019entr\u00e9e ? \u00bb ; votre arriv\u00e9e demande \u00ab comment rester couvert pendant la r\u00e9gularisation du dossier de r\u00e9sidence ? \u00bb ; votre strat\u00e9gie \u00e0 moyen terme demande \u00ab quelle solution reste adapt\u00e9e une fois le Portugal devenu ma base de vie ? \u00bb<sup><a href=\"#src-8\">[8]<\/a><\/sup><sup><a href=\"#src-9\">[9]<\/a><\/sup><sup><a href=\"#src-10\">[10]<\/a><\/sup><sup><a href=\"#src-14\">[14]<\/a><\/sup><sup><a href=\"#src-15\">[15]<\/a><\/sup><sup><a href=\"#src-16\">[16]<\/a><\/sup>\n      <\/p>\n    <\/section>\n\n    <section id=\"visa-routes\">\n      <h2>Principales voies de visa<\/h2>\n\n      <p>\n        Pour la plupart des foyers am\u00e9ricains envisageant une installation permanente ou semi-permanente, les voies les plus importantes au stade de la planification de l\u2019assurance sant\u00e9 sont le D7, le D8, le regroupement familial et, dans certains cas, la voie du travail ind\u00e9pendant ou de l\u2019entrepreneuriat. Les informations officielles portugaises distinguent ces voies assez clairement pour permettre une planification s\u00e9rieuse, mais pas toujours suffisamment pour trancher les situations situ\u00e9es \u00e0 la fronti\u00e8re entre plusieurs cat\u00e9gories. Si votre activit\u00e9 est exerc\u00e9e localement au Portugal, ou si votre mod\u00e8le de revenus n\u2019est pas v\u00e9ritablement passif, v\u00e9rifiez la voie correcte avant d\u2019organiser votre couverture autour d\u2019un fondement de visa inadapt\u00e9.<sup><a href=\"#src-3\">[3]<\/a><\/sup><sup><a href=\"#src-7\">[7]<\/a><\/sup><sup><a href=\"#src-18\">[18]<\/a><\/sup>\n      <\/p>\n\n      <h3>Visa de r\u00e9sidence de type D7 : retrait\u00e9s et personnes vivant de revenus propres \/ passifs<\/h3>\n\n      <p>\n        La page officielle de documentation des visas nationaux identifie une voie destin\u00e9e aux personnes vivant de revenus passifs. La liste de contr\u00f4le officielle D7 de Washington d\u00e9crit cette voie comme l\u2019\u00e9tablissement d\u2019une r\u00e9sidence pour les retrait\u00e9s et les personnes vivant de leurs propres revenus. La page de documentation relative \u00e0 la r\u00e9sidence indique que la voie des revenus passifs s\u2019appuie sur des documents attestant de revenus provenant de biens meubles ou immeubles, de droits de propri\u00e9t\u00e9 intellectuelle ou industrielle, ou encore d\u2019investissements financiers. La liste de contr\u00f4le de Washington pr\u00e9cise \u00e9galement que le demandeur doit d\u00e9montrer des ressources financi\u00e8res pour au moins 12 mois.<sup><a href=\"#src-7\">[7]<\/a><\/sup><sup><a href=\"#src-8\">[8]<\/a><\/sup>\n      <\/p>\n\n      <p>\n        Pour la planification de l\u2019assurance, le point cl\u00e9 est que le D7 ne se limite pas \u00e0 la \u00ab retraite \u00bb. Il s\u2019agit d\u2019une voie documentaire destin\u00e9e aux personnes dont les moyens de subsistance ne reposent pas sur l\u2019exercice d\u2019un emploi salari\u00e9 local au Portugal. La page du portail officiel des visas consacr\u00e9e aux moyens de subsistance indique que le seuil 2026 est construit \u00e0 partir d\u2019un salaire minimum mensuel de 920 \u20ac, avec 100 % pour le premier adulte, 50 % pour le deuxi\u00e8me adulte et les adultes suppl\u00e9mentaires, et 30 % pour les enfants et certains enfants majeurs \u00e0 charge. La liste de contr\u00f4le D7 de Washington pr\u00e9cise aussi que le montant des moyens de subsistance peut \u00eatre r\u00e9duit dans certaines situations, notamment lorsque le logement est d\u00e9j\u00e0 garanti. Les montants publi\u00e9s doivent donc \u00eatre compris comme un cadre documentaire, et non comme la garantie qu\u2019un dossier d\u00e9passant un seuil unique sera accept\u00e9.<sup><a href=\"#src-6\">[6]<\/a><\/sup><sup><a href=\"#src-8\">[8]<\/a><\/sup>\n      <\/p>\n\n      <h3>Visa de r\u00e9sidence D8 : travail \u00e0 distance \/ nomades num\u00e9riques<\/h3>\n\n      <p>\n        Le portail officiel des visas r\u00e9pertorie un visa de r\u00e9sidence pour le travail \u00e0 distance \/ les nomades num\u00e9riques. La documentation propre \u00e0 cette voie indique que les travailleurs \u00e0 distance doivent documenter la relation de travail ou la relation de prestation de services, selon que l\u2019activit\u00e9 rel\u00e8ve d\u2019un emploi salari\u00e9 subordonn\u00e9 ou d\u2019une activit\u00e9 professionnelle ind\u00e9pendante. La documentation officielle relative \u00e0 la r\u00e9sidence pr\u00e9cise \u00e9galement que le demandeur doit justifier d\u2019un revenu mensuel moyen sur les trois mois pr\u00e9c\u00e9dents, d\u2019un montant \u00e9quivalant \u00e0 quatre r\u00e9mun\u00e9rations minimales mensuelles. Comme le minimum officiel 2026 indiqu\u00e9 par le portail des visas est de 920 \u20ac, cela repr\u00e9sente un seuil documentaire de 3 680 \u20ac par mois en 2026.<sup><a href=\"#src-3\">[3]<\/a><\/sup><sup><a href=\"#src-6\">[6]<\/a><\/sup><sup><a href=\"#src-7\">[7]<\/a><\/sup><sup><a href=\"#src-9\">[9]<\/a><\/sup>\n      <\/p>\n\n      <p>\n        Au stade du titre de s\u00e9jour, la page AIMA relative \u00e0 la r\u00e9sidence pour travail \u00e0 distance indique que le titre est valable deux ans \u00e0 compter de sa date de d\u00e9livrance et renouvelable pour des p\u00e9riodes successives de trois ans. AIMA mentionne \u00e9galement, parmi les documents cl\u00e9s de cette voie, le visa de r\u00e9sidence valide pour travail \u00e0 distance, le passeport, la d\u00e9claration confirmant la relation d\u2019emploi ou de prestation de services et les justificatifs d\u2019adresse de r\u00e9sidence.<sup><a href=\"#src-11\">[11]<\/a><\/sup>\n      <\/p>\n\n      <h3>Regroupement familial<\/h3>\n\n      <p>\n        Le portail officiel des visas indique que les ressortissants \u00e9trangers titulaires d\u2019un titre de s\u00e9jour valide ont droit au regroupement familial pour les membres de leur famille se trouvant hors du territoire national. La page de documentation relative \u00e0 la r\u00e9sidence pr\u00e9cise que ces membres de famille ne demandent un visa de regroupement familial qu\u2019apr\u00e8s l\u2019octroi du regroupement familial par l\u2019AIMA au r\u00e9sident l\u00e9gal au Portugal. La page AIMA relative au regroupement familial pour les proches se trouvant hors du Portugal indique qu\u2019apr\u00e8s l\u2019entr\u00e9e avec le visa de r\u00e9sidence, le membre de la famille doit se rendre aupr\u00e8s de l\u2019AIMA pour demander le titre de s\u00e9jour. AIMA pr\u00e9cise \u00e9galement que l\u2019autorisation de s\u00e9jour du membre de la famille est accord\u00e9e pour la m\u00eame dur\u00e9e que celle du r\u00e9sident qui le rejoint.<sup><a href=\"#src-17\">[17]<\/a><\/sup><sup><a href=\"#src-18\">[18]<\/a><\/sup>\n      <\/p>\n\n      <p>\n        Ce point est particuli\u00e8rement important pour les familles expatri\u00e9es au Portugal. Si un membre de la famille est le demandeur principal et que le reste du foyer le rejoint ult\u00e9rieurement, la s\u00e9quence assurance, titre de s\u00e9jour et inscription au SNS peut ne pas \u00eatre identique pour tous. Il est donc plus s\u00fbr d\u2019examiner s\u00e9par\u00e9ment, pour chaque personne, le stade du visa, le stade du titre de s\u00e9jour et le stade SNS.<sup><a href=\"#src-17\">[17]<\/a><\/sup><sup><a href=\"#src-18\">[18]<\/a><\/sup>\n      <\/p>\n\n      <h3>Voie du travail ind\u00e9pendant ou de l\u2019entrepreneuriat<\/h3>\n\n      <p>\n        Le portail officiel des visas r\u00e9pertorie \u00e9galement un visa de r\u00e9sidence pour travail ind\u00e9pendant ou entrepreneuriat. Si votre vie au Portugal repose r\u00e9ellement sur une activit\u00e9 \u00e9conomique locale, et non sur du travail \u00e0 distance pour des entit\u00e9s situ\u00e9es hors du Portugal, v\u00e9rifiez si la cat\u00e9gorie entrepreneur \/ travail ind\u00e9pendant est plus appropri\u00e9e que le D8.<sup><a href=\"#src-3\">[3]<\/a><\/sup><sup><a href=\"#src-7\">[7]<\/a><\/sup>\n      <\/p>\n\n      <div class=\"callout\">\n        <div class=\"title\">Points \u00e0 v\u00e9rifier selon la voie<\/div>\n        <ul>\n          <li><strong>D7 :<\/strong> v\u00e9rifiez si votre poste consulaire exige une pr\u00e9sentation ou des justificatifs suppl\u00e9mentaires concernant les revenus passifs, le logement ou les ressources financi\u00e8res sur 12 mois.<sup><a href=\"#src-6\">[6]<\/a><\/sup><sup><a href=\"#src-8\">[8]<\/a><\/sup><\/li>\n          <li><strong>D8 :<\/strong> v\u00e9rifiez si votre dossier doit \u00eatre document\u00e9 comme emploi \u00e0 distance ou comme prestation de services \u00e0 distance, car les pi\u00e8ces justificatives diff\u00e8rent.<sup><a href=\"#src-7\">[7]<\/a><\/sup><sup><a href=\"#src-9\">[9]<\/a><\/sup><\/li>\n          <li><strong>Regroupement familial :<\/strong> v\u00e9rifiez si l\u2019autorisation pr\u00e9alable de regroupement familial doit \u00eatre obtenue avant le d\u00e9p\u00f4t du visa du membre de la famille r\u00e9sidant hors du Portugal.<sup><a href=\"#src-17\">[17]<\/a><\/sup><sup><a href=\"#src-18\">[18]<\/a><\/sup><\/li>\n          <li><strong>Travail ind\u00e9pendant \/ entrepreneur :<\/strong> v\u00e9rifiez si votre activit\u00e9 doit \u00eatre d\u00e9pos\u00e9e comme travail \u00e0 distance ou comme activit\u00e9 \u00e9conomique tourn\u00e9e vers le march\u00e9 portugais.<sup><a href=\"#src-3\">[3]<\/a><\/sup><sup><a href=\"#src-7\">[7]<\/a><\/sup><\/li>\n        <\/ul>\n      <\/div>\n    <\/section>\n\n    <section id=\"visa-insurance-proof\">\n      <h2>Preuve d\u2019assurance pour le visa<\/h2>\n\n      <p>\n        C\u2019est souvent \u00e0 ce stade que les projets d\u2019installation deviennent confus. Les sources officielles permettent de distinguer la <strong>preuve d\u2019assurance requise pour le visa<\/strong> de <strong>l\u2019acc\u00e8s aux soins une fois r\u00e9sident<\/strong>. Ces deux sujets sont li\u00e9s, mais ils ne se confondent pas.<sup><a href=\"#src-8\">[8]<\/a><\/sup><sup><a href=\"#src-9\">[9]<\/a><\/sup><sup><a href=\"#src-10\">[10]<\/a><\/sup><sup><a href=\"#src-14\">[14]<\/a><\/sup><sup><a href=\"#src-15\">[15]<\/a><\/sup>\n      <\/p>\n\n      <p>\n        Pour la demande de visa, les listes de contr\u00f4le officielles D7 et D8 de Washington exigent toutes deux une assurance voyage valide couvrant les frais m\u00e9dicaux n\u00e9cessaires, y compris l\u2019assistance m\u00e9dicale d\u2019urgence et un \u00e9ventuel rapatriement. Les pages de documentation du portail officiel des visas int\u00e8grent \u00e9galement l\u2019assurance voyage \/ sant\u00e9 dans le cadre documentaire du visa de r\u00e9sidence.<sup><a href=\"#src-7\">[7]<\/a><\/sup><sup><a href=\"#src-8\">[8]<\/a><\/sup><sup><a href=\"#src-9\">[9]<\/a><\/sup>\n      <\/p>\n\n      <p>\n        Pour le stade post-arriv\u00e9e du titre de s\u00e9jour, la page g\u00e9n\u00e9rale AIMA relative au titre de s\u00e9jour mentionne \u00ab une assurance sant\u00e9 ou une preuve de couverture par le SNS \u00bb parmi les documents requis. Ce point est essentiel : il montre que la question administrative apr\u00e8s l\u2019arriv\u00e9e est plus large que la seule exigence consulaire d\u2019assurance voyage avant le d\u00e9part.<sup><a href=\"#src-10\">[10]<\/a><\/sup>\n      <\/p>\n\n      <div class=\"compare\">\n        <table>\n          <thead>\n            <tr>\n              <th>\u00c9tape<\/th>\n              <th>Exigence officielle dans les sources examin\u00e9es<\/th>\n              <th>Cons\u00e9quence pratique<\/th>\n            <\/tr>\n          <\/thead>\n          <tbody>\n            <tr>\n              <td>Demande de visa<\/td>\n              <td>Assurance voyage valide couvrant les frais m\u00e9dicaux, l\u2019assistance d\u2019urgence et un \u00e9ventuel rapatriement.<\/td>\n              <td>Vous devez produire un dossier conforme \u00e0 la liste de contr\u00f4le propre \u00e0 votre voie, et non simplement un contrat qui para\u00eet adapt\u00e9 en termes g\u00e9n\u00e9raux.<\/td>\n            <\/tr>\n            <tr>\n              <td>Stade du titre de s\u00e9jour<\/td>\n              <td>Les r\u00e8gles g\u00e9n\u00e9rales AIMA mentionnent l\u2019assurance sant\u00e9 ou la preuve de couverture par le SNS.<\/td>\n              <td>Si votre inscription au SNS n\u2019est pas encore pleinement effective, une continuit\u00e9 de couverture priv\u00e9e peut rester n\u00e9cessaire \u00e0 ce stade.<\/td>\n            <\/tr>\n            <tr>\n              <td>Vie au Portugal en tant que r\u00e9sident<\/td>\n              <td>Gov.pt relie la prise en charge des frais par le SNS \u00e0 la r\u00e9sidence l\u00e9gale et \u00e0 des donn\u00e9es administratives reli\u00e9es.<\/td>\n              <td>Il est imprudent de pr\u00e9voir un basculement imm\u00e9diat entre la preuve d\u2019assurance consulaire et une couverture publique pleinement op\u00e9rationnelle.<\/td>\n            <\/tr>\n          <\/tbody>\n        <\/table>\n      <\/div>\n\n      <p>\n        L\u2019erreur la plus fr\u00e9quente consiste \u00e0 penser que, parce que vous comptez utiliser le syst\u00e8me public \u00e0 terme, vous pouvez vous passer enti\u00e8rement d\u2019une couverture priv\u00e9e de transition. Gov.pt indique que les ressortissants \u00e9trangers r\u00e9sidant l\u00e9galement peuvent obtenir un num\u00e9ro SNS, mais pr\u00e9cise aussi que la prise en charge des frais d\u00e9pend d\u2019un dossier comprenant notamment un titre de s\u00e9jour valide, un NIF, une adresse compl\u00e8te au Portugal et une pi\u00e8ce d\u2019identification. C\u2019est pourquoi de nombreuses installations n\u00e9cessitent une p\u00e9riode de chevauchement, plut\u00f4t qu\u2019un transfert instantan\u00e9 de \u00ab l\u2019assurance visa \u00bb vers les \u00ab soins publics \u00bb.<sup><a href=\"#src-14\">[14]<\/a><\/sup><sup><a href=\"#src-15\">[15]<\/a><\/sup>\n      <\/p>\n\n      <p>\n        Une seconde erreur consiste \u00e0 supposer que tout contrat priv\u00e9 local commercialis\u00e9 au Portugal sera automatiquement accept\u00e9 pour toutes les voies de visa ou par tous les postes consulaires. Dans les sources officielles examin\u00e9es, aucune d\u00e9claration universelle n\u2019indique que tout contrat priv\u00e9 domestique \u00e9mis au Portugal est automatiquement recevable comme preuve d\u2019assurance pour toutes les demandes D7 ou D8. Les sources officielles d\u00e9finissent l\u2019exigence ; elles ne publient pas de validation globale de toutes les structures de contrat locales. Ce point doit donc figurer dans votre liste de v\u00e9rification, et non dans vos hypoth\u00e8ses.<sup><a href=\"#src-8\">[8]<\/a><\/sup><sup><a href=\"#src-9\">[9]<\/a><\/sup><sup><a href=\"#src-10\">[10]<\/a><\/sup>\n      <\/p>\n\n      <div class=\"callout\">\n        <div class=\"title\">Principe de travail<\/div>\n        <p>\n          Organisez votre couverture en fonction de l\u2019\u00e9tape dans laquelle vous vous trouvez, sans perdre de vue l\u2019\u00e9tape suivante. La preuve d\u2019assurance doit soutenir la demande de visa. La couverture \u00e0 l\u2019arriv\u00e9e doit s\u00e9curiser la transition. La couverture \u00e0 long terme doit correspondre \u00e0 votre vie r\u00e9elle au Portugal, et pas seulement \u00e0 votre rendez-vous consulaire.<sup><a href=\"#src-8\">[8]<\/a><\/sup><sup><a href=\"#src-9\">[9]<\/a><\/sup><sup><a href=\"#src-10\">[10]<\/a><\/sup><sup><a href=\"#src-14\">[14]<\/a><\/sup><sup><a href=\"#src-15\">[15]<\/a><\/sup><sup><a href=\"#src-16\">[16]<\/a><\/sup>\n        <\/p>\n      <\/div>\n    <\/section>\n\n    <section id=\"sns-registration\">\n      <h2>Inscription au SNS et calendrier<\/h2>\n\n      <p>\n        Les informations officielles de gov.pt indiquent que tout ressortissant \u00e9tranger r\u00e9sidant l\u00e9galement au Portugal peut obtenir un num\u00e9ro d\u2019utilisateur SNS, qui lui donne droit \u00e0 une assistance m\u00e9dicale dans les structures publiques du SNS. La m\u00eame source pr\u00e9cise que ce num\u00e9ro est g\u00e9n\u00e9ralement attribu\u00e9 lors de la premi\u00e8re visite dans une unit\u00e9 de sant\u00e9 publique, par exemple un centre de sant\u00e9 ou un h\u00f4pital. La page de service de gov.pt indique \u00e9galement que le num\u00e9ro est attribu\u00e9 automatiquement lorsque vous contactez un \u00e9tablissement public pour recevoir des soins, mais que vous pouvez aussi le demander m\u00eame si vous n\u2019avez pas encore besoin de soins. Le service est gratuit.<sup><a href=\"#src-14\">[14]<\/a><\/sup><sup><a href=\"#src-15\">[15]<\/a><\/sup>\n      <\/p>\n\n      <p>\n        Toutefois, gov.pt pr\u00e9cise qu\u2019un num\u00e9ro d\u2019utilisateur SNS ne garantit <strong>pas<\/strong>, \u00e0 lui seul, la prise en charge de vos frais de sant\u00e9 par le SNS. Pour cette prise en charge, la page de service indique que les informations suivantes doivent \u00eatre reli\u00e9es au dossier du num\u00e9ro d\u2019utilisateur : une pi\u00e8ce d\u2019identification, un num\u00e9ro d\u2019identification fiscale portugais, une adresse compl\u00e8te au Portugal et un titre de s\u00e9jour valide.<sup><a href=\"#src-14\">[14]<\/a><\/sup><sup><a href=\"#src-15\">[15]<\/a><\/sup>\n      <\/p>\n\n      <p>\n        C\u2019est la raison pratique pour laquelle il ne faut pas simplifier \u00e0 l\u2019exc\u00e8s l\u2019acc\u00e8s au SNS. Vous pouvez obtenir votre num\u00e9ro d\u2019utilisateur rapidement, sans que votre dossier soit pour autant pleinement finalis\u00e9 pour toutes les situations de prise en charge. Pour un nouvel arrivant, la bonne question n\u2019est donc pas : \u00ab pourrai-je utiliser le SNS \u00e0 terme ? \u00bb, mais plut\u00f4t : \u00ab \u00e0 quel moment de mon installation mon inscription publique sera-t-elle suffisamment compl\u00e8te pour que je puisse m\u2019y fier sereinement ? \u00bb<sup><a href=\"#src-14\">[14]<\/a><\/sup><sup><a href=\"#src-15\">[15]<\/a><\/sup>\n      <\/p>\n\n      <p>\n        L\u2019inscription au centre de sant\u00e9 constitue l\u2019\u00e9tape suivante. Gov.pt indique que tous les ressortissants \u00e9trangers titulaires d\u2019un titre de s\u00e9jour portugais peuvent s\u2019inscrire dans un centre de sant\u00e9. Si vous n\u2019avez pas encore de num\u00e9ro d\u2019utilisateur SNS, gov.pt pr\u00e9cise que vous pouvez l\u2019obtenir pendant la proc\u00e9dure d\u2019inscription. Pour les ressortissants \u00e9trangers, la liste officielle des documents comprend un titre de s\u00e9jour, la preuve des prestations de sant\u00e9 auxquelles vous avez droit, votre adresse de r\u00e9sidence permanente au Portugal, votre num\u00e9ro d\u2019identification civile et votre num\u00e9ro d\u2019identification fiscale. L\u2019inscription est gratuite et doit de pr\u00e9f\u00e9rence \u00eatre effectu\u00e9e aupr\u00e8s du centre de sant\u00e9 de votre zone de r\u00e9sidence.<sup><a href=\"#src-16\">[16]<\/a><\/sup>\n      <\/p>\n\n      <div class=\"callout\">\n        <div class=\"title\">Ordre pratique des d\u00e9marches<\/div>\n        <pre>Arriver au Portugal en conservant une continuit\u00e9 de couverture priv\u00e9e\n    \u2193\nFinaliser les d\u00e9marches de titre de s\u00e9jour selon votre voie et le processus AIMA en vigueur\n    \u2193\nObtenir le num\u00e9ro d\u2019utilisateur SNS\n    \u2193\nS\u2019inscrire aupr\u00e8s du centre de sant\u00e9 de votre zone\n    \u2193\nD\u00e9cider si votre contrat priv\u00e9 doit \u00eatre r\u00e9sili\u00e9, all\u00e9g\u00e9 ou maintenu comme acc\u00e8s compl\u00e9mentaire au secteur priv\u00e9<\/pre>\n      <\/div>\n\n      <p>\n        Si vous devenez r\u00e9sident l\u00e9gal au Portugal et \u00eates \u00e9galement inscrit aupr\u00e8s du SNS et de la S\u00e9curit\u00e9 sociale, gov.pt indique que vous pouvez alors \u00eatre en droit de demander la carte europ\u00e9enne d\u2019assurance maladie pour des s\u00e9jours temporaires dans d\u2019autres \u00c9tats de l\u2019UE. Cette carte peut \u00eatre utile par la suite, mais elle ne remplace pas une r\u00e9flexion structur\u00e9e sur votre transition de premi\u00e8re ann\u00e9e.<sup><a href=\"#src-14\">[14]<\/a><\/sup>\n      <\/p>\n    <\/section>\n\n    <section id=\"local-private-vs-ipmi\">\n      <h2>Assurance priv\u00e9e locale vs IPMI<\/h2>\n\n      <p>\n        C\u2019est g\u00e9n\u00e9ralement le sujet qui devient central une fois la question du visa ma\u00eetris\u00e9e.\n      <\/p>\n\n      <p>\n        Lorsque l\u2019on parle d\u2019\u00ab assurance sant\u00e9 priv\u00e9e au Portugal \u00bb, deux r\u00e9alit\u00e9s tr\u00e8s diff\u00e9rentes peuvent \u00eatre vis\u00e9es :\n      <\/p>\n\n      <ul>\n        <li>une <strong>assurance priv\u00e9e locale<\/strong>, g\u00e9n\u00e9ralement \u00e9mise pour le march\u00e9 portugais et principalement con\u00e7ue pour des soins au Portugal ; ou<\/li>\n        <li>l\u2019<strong>IPMI<\/strong>, c\u2019est-\u00e0-dire une assurance maladie priv\u00e9e internationale, administr\u00e9e \u00e0 l\u2019\u00e9chelle internationale, con\u00e7ue pour les personnes vivant \u00e0 l\u2019\u00e9tranger, se d\u00e9pla\u00e7ant entre plusieurs pays ou recherchant une continuit\u00e9 g\u00e9ographique plus large.<\/li>\n      <\/ul>\n\n      <p>\n        Les documents officiels des assureurs examin\u00e9s pour cet article \u2014 Cigna Healthcare, AXA Global Healthcare, APRIL International, Allianz Care, Bupa Global et Now Health International \u2014 convergent sur un point : l\u2019IPMI est positionn\u00e9e comme une couverture priv\u00e9e mobile, dont la portabilit\u00e9, l\u2019aire de couverture \u00e9largie et l\u2019administration internationale constituent des atouts majeurs.<sup><a href=\"#src-21\">[21]<\/a><\/sup><sup><a href=\"#src-22\">[22]<\/a><\/sup><sup><a href=\"#src-23\">[23]<\/a><\/sup><sup><a href=\"#src-24\">[24]<\/a><\/sup><sup><a href=\"#src-25\">[25]<\/a><\/sup><sup><a href=\"#src-26\">[26]<\/a><\/sup>\n      <\/p>\n\n      <h3>Ce que les documents officiels des assureurs disent de l\u2019IPMI<\/h3>\n\n      <div class=\"cards\">\n        <div class=\"card\">\n          <div class=\"kicker\">Cigna Healthcare<\/div>\n          <div class=\"headline\">Couverture locale et mondiale<\/div>\n          <p>\n            La page internationale officielle de Cigna met l\u2019accent sur la couverture locale et mondiale, l\u2019acc\u00e8s aux soins au sein d\u2019un r\u00e9seau mondial et la portabilit\u00e9, avec des formules pouvant vous accompagner dans plus de 200 march\u00e9s et juridictions.<sup><a href=\"#src-21\">[21]<\/a><\/sup>\n          <\/p>\n        <\/div>\n\n        <div class=\"card\">\n          <div class=\"kicker\">AXA Global Healthcare<\/div>\n          <div class=\"headline\">L\u2019aire de couverture est d\u00e9terminante<\/div>\n          <p>\n            La page officielle d\u2019AXA consacr\u00e9e \u00e0 la sant\u00e9 internationale met en avant la couverture d\u2019urgence, l\u2019\u00e9vacuation et le rapatriement, les services de m\u00e9decin virtuel, le soutien en sant\u00e9 mentale et la possibilit\u00e9 de choisir une aire de couverture, y compris l\u2019exclusion des \u00c9tats-Unis comme levier de ma\u00eetrise de la prime. Pour les citoyens am\u00e9ricains s\u2019installant au Portugal, ce point peut \u00eatre plus important qu\u2019il n\u2019y para\u00eet.<sup><a href=\"#src-22\">[22]<\/a><\/sup>\n          <\/p>\n        <\/div>\n\n        <div class=\"card\">\n          <div class=\"kicker\">APRIL International<\/div>\n          <div class=\"headline\">Approche locale vs internationale<\/div>\n          <p>\n            Le guide comparatif officiel d\u2019APRIL d\u00e9crit la couverture internationale comme portable \u00e0 l\u2019\u00e9chelle mondiale et la distingue des assurances locales rattach\u00e9es au pays de r\u00e9sidence. Cela ne signifie pas que la couverture locale soit inadapt\u00e9e ; cela la rend simplement plus d\u00e9pendante de vos hypoth\u00e8ses de mobilit\u00e9 \u00e0 long terme.<sup><a href=\"#src-23\">[23]<\/a><\/sup>\n          <\/p>\n        <\/div>\n\n        <div class=\"card\">\n          <div class=\"kicker\">Allianz Care<\/div>\n          <div class=\"headline\">Garanties des contrats internationaux<\/div>\n          <p>\n            La page officielle d\u2019Allianz consacr\u00e9e aux formules internationales mentionne les consultations m\u00e9dicales, l\u2019hospitalisation, la chirurgie, les examens diagnostiques, les m\u00e9dicaments sur ordonnance et l\u2019\u00e9vacuation \/ le rapatriement m\u00e9dical parmi les principales caract\u00e9ristiques de la couverture sant\u00e9 internationale.<sup><a href=\"#src-24\">[24]<\/a><\/sup>\n          <\/p>\n        <\/div>\n\n        <div class=\"card\">\n          <div class=\"kicker\">Bupa Global<\/div>\n          <div class=\"headline\">Acc\u00e8s mondial aux sp\u00e9cialistes<\/div>\n          <p>\n            La page expatri\u00e9s de Bupa Global met en avant l\u2019acc\u00e8s direct \u00e0 un r\u00e9seau mondial de sp\u00e9cialistes, une possible prise en charge des affections pr\u00e9existantes sous r\u00e9serve de s\u00e9lection m\u00e9dicale, ainsi que l\u2019\u00e9vacuation \/ le rapatriement m\u00e9dical si n\u00e9cessaire.<sup><a href=\"#src-25\">[25]<\/a><\/sup>\n          <\/p>\n        <\/div>\n\n        <div class=\"card\">\n          <div class=\"kicker\">Now Health International<\/div>\n          <div class=\"headline\">Formules pour les personnes vivant \u00e0 l\u2019\u00e9tranger<\/div>\n          <p>\n            La page officielle expatri\u00e9s de Now Health pr\u00e9sente ses formules comme une couverture destin\u00e9e aux personnes vivant et travaillant \u00e0 l\u2019\u00e9tranger, avec acc\u00e8s au secteur priv\u00e9, portabilit\u00e9 dans de nombreux cas, et niveaux de garanties allant d\u2019une couverture de base en hospitalisation \/ soins de jour \u00e0 des options plus compl\u00e8tes. Elle indique \u00e9galement que les affections pr\u00e9existantes peuvent \u00eatre couvertes sous r\u00e9serve de s\u00e9lection m\u00e9dicale.<sup><a href=\"#src-26\">[26]<\/a><\/sup>\n          <\/p>\n        <\/div>\n      <\/div>\n\n      <h3>Quand l\u2019assurance priv\u00e9e locale est-elle pertinente ?<\/h3>\n\n      <p>\n        Un contrat priv\u00e9 local \u00e9mis au Portugal peut \u00eatre pertinent si votre strat\u00e9gie r\u00e9elle est la suivante : \u00ab Le Portugal est notre base, nous pr\u00e9voyons d\u2019y rester, nous acceptons de revoir notre couverture si nous d\u00e9m\u00e9nageons plus tard, et nous souhaitons surtout un acc\u00e8s au secteur priv\u00e9 portugais une fois l\u2019acc\u00e8s au SNS en place. \u00bb Ce n\u2019est pas une r\u00e8gle juridique officielle. C\u2019est une logique de planification coh\u00e9rente avec la comparaison local-vs-international d\u2019APRIL et avec la structure d\u2019inscription au SNS d\u00e9crite par gov.pt.<sup><a href=\"#src-14\">[14]<\/a><\/sup><sup><a href=\"#src-15\">[15]<\/a><\/sup><sup><a href=\"#src-16\">[16]<\/a><\/sup><sup><a href=\"#src-23\">[23]<\/a><\/sup>\n      <\/p>\n\n      <h3>Quand l\u2019IPMI m\u00e9rite-t-elle un examen plus approfondi ?<\/h3>\n\n      <p>\n        L\u2019IPMI m\u00e9rite une attention particuli\u00e8re si l\u2019un des \u00e9l\u00e9ments suivants s\u2019applique :\n      <\/p>\n\n      <ul>\n        <li>vous pensez que le Portugal ne sera qu\u2019une \u00e9tape dans une vie multi-pays ;<\/li>\n        <li>vous souhaitez conserver un parcours de soins priv\u00e9 clair en dehors du Portugal ;<\/li>\n        <li>votre foyer comprend des enfants et vous souhaitez pr\u00e9server une continuit\u00e9 si vos projets \u00e9voluent ;<\/li>\n        <li>vous attachez de l\u2019importance \u00e0 une aire de couverture plus large, \u00e0 l\u2019\u00e9vacuation \/ au rapatriement ou aux services de soins virtuels ;<\/li>\n        <li>vous pr\u00e9voyez des voyages r\u00e9guliers aux \u00c9tats-Unis et souhaitez arbitrer pr\u00e9cis\u00e9ment l\u2019inclusion ou l\u2019exclusion des \u00c9tats-Unis dans l\u2019aire de couverture ;<\/li>\n        <li>vous avez des besoins m\u00e9dicaux en cours et souhaitez comprendre les conditions de souscription et de s\u00e9lection m\u00e9dicale avant de d\u00e9m\u00e9nager, plut\u00f4t qu\u2019apr\u00e8s.<sup><a href=\"#src-21\">[21]<\/a><\/sup><sup><a href=\"#src-22\">[22]<\/a><\/sup><sup><a href=\"#src-23\">[23]<\/a><\/sup><sup><a href=\"#src-24\">[24]<\/a><\/sup><sup><a href=\"#src-25\">[25]<\/a><\/sup><sup><a href=\"#src-26\">[26]<\/a><\/sup><\/li>\n      <\/ul>\n\n      <div class=\"compare\">\n        <table>\n          <thead>\n            <tr>\n              <th>Question<\/th>\n              <th>Assurance priv\u00e9e locale au Portugal<\/th>\n              <th>IPMI<\/th>\n            <\/tr>\n          <\/thead>\n          <tbody>\n            <tr>\n              <td>Usage principal<\/td>\n              <td>Acc\u00e8s au secteur priv\u00e9 au Portugal<\/td>\n              <td>Continuit\u00e9 de couverture priv\u00e9e au-del\u00e0 des fronti\u00e8res<\/td>\n            <\/tr>\n            <tr>\n              <td>Port\u00e9e g\u00e9ographique<\/td>\n              <td>\u00c0 v\u00e9rifier attentivement dans les conditions du contrat<\/td>\n              <td>G\u00e9n\u00e9ralement plus large et plus portable selon les documents officiels des assureurs<\/td>\n            <\/tr>\n            <tr>\n              <td>Relation avec le SNS<\/td>\n              <td>Fonctionne souvent comme un compl\u00e9ment priv\u00e9 local une fois r\u00e9sident<\/td>\n              <td>Peut coexister avec le SNS si vous souhaitez pr\u00e9server la portabilit\u00e9 ou un acc\u00e8s priv\u00e9 plus large<\/td>\n            <\/tr>\n            <tr>\n              <td>Pertinence pour les \u00c9tats-Unis<\/td>\n              <td>N\u00e9cessite g\u00e9n\u00e9ralement une v\u00e9rification pr\u00e9cise pour les soins ou s\u00e9jours hors du Portugal<\/td>\n              <td>La conception de l\u2019aire de couverture est un arbitrage central<\/td>\n            <\/tr>\n            <tr>\n              <td>D\u00e9m\u00e9nagements futurs<\/td>\n              <td>Peut n\u00e9cessiter de reconstruire une couverture ult\u00e9rieurement<\/td>\n              <td>La portabilit\u00e9 est l\u2019une des principales raisons de souscrire une IPMI<\/td>\n            <\/tr>\n            <tr>\n              <td>Besoins complexes<\/td>\n              <td>D\u00e9pend enti\u00e8rement des conditions du contrat, des sous-limites, de la renouvelabilit\u00e9 et de la s\u00e9lection m\u00e9dicale<\/td>\n              <td>Les documents officiels mettent souvent en avant l\u2019\u00e9vacuation, le rapatriement, les soins virtuels et une administration internationale plus large<\/td>\n            <\/tr>\n          <\/tbody>\n        <\/table>\n      <\/div>\n\n      <h3>Un tableau strat\u00e9gique \u00e0 3\u201310 ans<\/h3>\n\n      <p>\n        Utilisez-le comme outil de r\u00e9flexion, et non comme calendrier juridique. Il repose sur le cycle officiel de titre de s\u00e9jour de deux ans puis trois ans publi\u00e9 par l\u2019AIMA, la logique officielle d\u2019inscription au SNS et le positionnement de portabilit\u00e9 pr\u00e9sent\u00e9 dans les documents des assureurs examin\u00e9s.<sup><a href=\"#src-10\">[10]<\/a><\/sup><sup><a href=\"#src-11\">[11]<\/a><\/sup><sup><a href=\"#src-14\">[14]<\/a><\/sup><sup><a href=\"#src-15\">[15]<\/a><\/sup><sup><a href=\"#src-16\">[16]<\/a><\/sup><sup><a href=\"#src-21\">[21]<\/a><\/sup><sup><a href=\"#src-22\">[22]<\/a><\/sup><sup><a href=\"#src-23\">[23]<\/a><\/sup><sup><a href=\"#src-24\">[24]<\/a><\/sup><sup><a href=\"#src-25\">[25]<\/a><\/sup><sup><a href=\"#src-26\">[26]<\/a><\/sup>\n      <\/p>\n\n      <div class=\"compare\">\n        <table>\n          <thead>\n            <tr>\n              <th>Horizon<\/th>\n              <th>Si le Portugal est probablement votre base unique \u00e0 long terme<\/th>\n              <th>Si votre vie peut rester internationalement mobile<\/th>\n            <\/tr>\n          <\/thead>\n          <tbody>\n            <tr>\n              <td>Ann\u00e9e 0\u20131<\/td>\n              <td>Concentrez-vous sur la conformit\u00e9 au visa, la continuit\u00e9 AIMA et la finalisation de l\u2019inscription au SNS avant de r\u00e9duire votre couverture priv\u00e9e.<\/td>\n              <td>Maintenez une forte portabilit\u00e9 pendant la transition du visa vers le statut de r\u00e9sident.<\/td>\n            <\/tr>\n            <tr>\n              <td>Ann\u00e9e 1\u20133<\/td>\n              <td>\u00c9valuez votre usage r\u00e9el : SNS seul, SNS avec assurance priv\u00e9e locale, ou couverture priv\u00e9e plus compl\u00e8te.<\/td>\n              <td>R\u00e9examinez si une structure internationale portable justifie toujours sa prime.<\/td>\n            <\/tr>\n            <tr>\n              <td>Ann\u00e9e 3\u20135<\/td>\n              <td>Analysez les conditions de renouvellement, les \u00e9volutions familiales, l\u2019\u00e2ge, la scolarit\u00e9, les projets de maternit\u00e9 et les traitements en cours.<\/td>\n              <td>\u00c9vitez de vous enfermer dans une structure strictement domestique si un autre d\u00e9m\u00e9nagement reste plausible.<\/td>\n            <\/tr>\n            <tr>\n              <td>Ann\u00e9e 5\u201310<\/td>\n              <td>Si vous \u00eates durablement install\u00e9, une strat\u00e9gie domestique peut devenir plus facile \u00e0 justifier.<\/td>\n              <td>La portabilit\u00e9, la continuit\u00e9 d\u2019assurabilit\u00e9 et la conception de l\u2019aire de couverture comptent g\u00e9n\u00e9ralement davantage, et non moins.<\/td>\n            <\/tr>\n          <\/tbody>\n        <\/table>\n      <\/div>\n\n    <\/section>\n\n    <section id=\"renewal-continuity\">\n      <h2>Renouvellement et continuit\u00e9 de couverture<\/h2>\n\n      <p>\n        La page g\u00e9n\u00e9rale AIMA relative au titre de s\u00e9jour indique que, sauf r\u00e8gles l\u00e9gales particuli\u00e8res, un titre de s\u00e9jour temporaire est valable deux ans \u00e0 compter de sa date de d\u00e9livrance et renouvelable pour des p\u00e9riodes successives de trois ans. La page AIMA relative au titre de s\u00e9jour pour travail \u00e0 distance indique la m\u00eame chose pour la voie des nomades num\u00e9riques. Votre d\u00e9cision d\u2019assurance ne doit donc pas \u00eatre construite uniquement autour du visa et de la phase d\u2019arriv\u00e9e. Elle doit aussi pouvoir r\u00e9sister \u00e0 au moins un cycle de renouvellement.<sup><a href=\"#src-10\">[10]<\/a><\/sup><sup><a href=\"#src-11\">[11]<\/a><\/sup>\n      <\/p>\n\n      <p>\n        Le processus de renouvellement a sensiblement \u00e9volu\u00e9 en 2025. La FAQ officielle de l\u2019IRN sur le renouvellement de r\u00e9sidence indique qu\u2019\u00e0 compter du 1er ao\u00fbt 2025, l\u2019IRN n\u2019est plus comp\u00e9tent pour les rendez-vous li\u00e9s aux renouvellements d\u2019autorisations de r\u00e9sidence. La m\u00eame page IRN oriente les utilisateurs vers le portail de renouvellement de l\u2019AIMA, et l\u2019avis de l\u2019AIMA sur les renouvellements explique que les demandes se font via une inscription sur le portail, suivie de la g\u00e9n\u00e9ration et du paiement des frais.<sup><a href=\"#src-19\">[19]<\/a><\/sup><sup><a href=\"#src-20\">[20]<\/a><\/sup>\n      <\/p>\n\n      <p>\n        Pour les personnes qui s\u2019installent en 2026, la cons\u00e9quence pratique est simple : <strong>ne partez pas du principe que le processus d\u00e9crit dans un article de 2024 sera encore celui applicable \u00e0 votre renouvellement.<\/strong> M\u00eame en 2025, les syst\u00e8mes continuaient d\u2019\u00e9voluer. Pour les premi\u00e8res d\u00e9livrances, l\u2019AIMA a \u00e9galement introduit une fonctionnalit\u00e9 de prise de rendez-vous en ligne pour certains titulaires non-CPLP de visas consulaires de r\u00e9sidence \/ travail, ce qui renforce la n\u00e9cessit\u00e9 de v\u00e9rifier le circuit de r\u00e9servation actuel pour votre cat\u00e9gorie exacte.<sup><a href=\"#src-12\">[12]<\/a><\/sup><sup><a href=\"#src-13\">[13]<\/a><\/sup><sup><a href=\"#src-19\">[19]<\/a><\/sup><sup><a href=\"#src-20\">[20]<\/a><\/sup>\n      <\/p>\n\n      <div class=\"checklist\">\n        <div class=\"title\" style=\"font-weight:800;color:var(--accent-2);margin-bottom:8px;\">Checklist de continuit\u00e9<\/div>\n        <ul>\n          <li>Suivez au m\u00eame endroit les dates d\u2019expiration du passeport, du visa, du titre de s\u00e9jour et l\u2019\u00e9ch\u00e9ance de votre contrat d\u2019assurance.<\/li>\n          <li>Veillez \u00e0 la coh\u00e9rence de votre adresse au Portugal, de votre adresse email et de vos informations fiscales dans les dossiers AIMA, SNS et assureur lorsque cela est pertinent.<\/li>\n          <li>\u00c9vitez de laisser expirer une couverture conforme au visa avant de savoir exactement quelle sera votre organisation au stade r\u00e9sident.<\/li>\n          <li>Si vous utilisez un contrat domestique, v\u00e9rifiez la port\u00e9e territoriale et les exigences administratives en cas de changement de statut.<\/li>\n          <li>Si vous utilisez une IPMI, rev\u00e9rifiez l\u2019aire de couverture, l\u2019inclusion ou l\u2019exclusion des \u00c9tats-Unis, ainsi que toute garantie sensible \u00e0 la s\u00e9lection m\u00e9dicale avant que des changements familiaux ou de mode de vie n\u2019imposent un arbitrage.<sup><a href=\"#src-10\">[10]<\/a><\/sup><sup><a href=\"#src-12\">[12]<\/a><\/sup><sup><a href=\"#src-19\">[19]<\/a><\/sup><sup><a href=\"#src-20\">[20]<\/a><\/sup><sup><a href=\"#src-21\">[21]<\/a><\/sup><sup><a href=\"#src-22\">[22]<\/a><\/sup><sup><a href=\"#src-23\">[23]<\/a><\/sup><sup><a href=\"#src-24\">[24]<\/a><\/sup><sup><a href=\"#src-25\">[25]<\/a><\/sup><sup><a href=\"#src-26\">[26]<\/a><\/sup><\/li>\n        <\/ul>\n      <\/div>\n\n      <p>\n        Le regroupement familial ajoute une dimension suppl\u00e9mentaire. AIMA indique qu\u2019un membre de la famille admis au titre du regroupement familial re\u00e7oit une autorisation de s\u00e9jour pour la m\u00eame dur\u00e9e que celle du r\u00e9sident qu\u2019il rejoint. Pour les foyers familiaux, il est pr\u00e9f\u00e9rable de suivre le cycle documentaire de toute la famille, et pas seulement celui du demandeur principal.<sup><a href=\"#src-17\">[17]<\/a><\/sup>\n      <\/p>\n    <\/section>\n\n    <section id=\"checklists-faq-sources\">\n      <h2>Checklists, FAQ, sources<\/h2>\n\n      <h3>Checklist documentaire<\/h3>\n\n      <div class=\"checklist\">\n        <div class=\"title\" style=\"font-weight:800;color:var(--accent-2);margin-bottom:8px;\">Avant de d\u00e9poser une demande de visa de r\u00e9sidence<\/div>\n        <ul>\n          <li>Passeport et documents de demande de visa requis par le cadre des visas nationaux.<sup><a href=\"#src-3\">[3]<\/a><\/sup><sup><a href=\"#src-7\">[7]<\/a><\/sup><\/li>\n          <li>Justificatifs financiers propres \u00e0 la voie choisie : preuve de revenus passifs pour les dossiers de type D7, ou preuve de relation de travail \u00e0 distance et de revenus sur les trois mois pr\u00e9c\u00e9dents pour le D8.<sup><a href=\"#src-7\">[7]<\/a><\/sup><sup><a href=\"#src-8\">[8]<\/a><\/sup><sup><a href=\"#src-9\">[9]<\/a><\/sup><\/li>\n          <li>Justificatif de logement.<sup><a href=\"#src-8\">[8]<\/a><\/sup><sup><a href=\"#src-10\">[10]<\/a><\/sup><sup><a href=\"#src-11\">[11]<\/a><\/sup><\/li>\n          <li>Documents de police \/ extrait de casier judiciaire lorsque la checklist l\u2019exige.<sup><a href=\"#src-8\">[8]<\/a><\/sup><sup><a href=\"#src-9\">[9]<\/a><\/sup><sup><a href=\"#src-17\">[17]<\/a><\/sup><\/li>\n          <li>Assurance voyage valide couvrant les frais m\u00e9dicaux, l\u2019assistance d\u2019urgence et un \u00e9ventuel rapatriement.<sup><a href=\"#src-8\">[8]<\/a><\/sup><sup><a href=\"#src-9\">[9]<\/a><\/sup><\/li>\n        <\/ul>\n      <\/div>\n\n      <div class=\"checklist\">\n        <div class=\"title\" style=\"font-weight:800;color:var(--accent-2);margin-bottom:8px;\">Apr\u00e8s l\u2019arriv\u00e9e au Portugal<\/div>\n        <ul>\n          <li>Passeport et visa de r\u00e9sidence valide.<sup><a href=\"#src-10\">[10]<\/a><\/sup><sup><a href=\"#src-11\">[11]<\/a><\/sup><\/li>\n          <li>Justificatif d\u2019adresse au Portugal \/ \u00e9l\u00e9ments relatifs \u00e0 votre r\u00e9sidence.<sup><a href=\"#src-10\">[10]<\/a><\/sup><sup><a href=\"#src-11\">[11]<\/a><\/sup><sup><a href=\"#src-17\">[17]<\/a><\/sup><\/li>\n          <li>Circuit AIMA de prise de rendez-vous correspondant \u00e0 votre cat\u00e9gorie.<sup><a href=\"#src-12\">[12]<\/a><\/sup><sup><a href=\"#src-13\">[13]<\/a><\/sup><\/li>\n          <li>Assurance sant\u00e9 ou preuve de couverture par le SNS pour le stade du titre de s\u00e9jour, lorsque cela s\u2019applique selon la voie et les instructions en vigueur.<sup><a href=\"#src-10\">[10]<\/a><\/sup><\/li>\n          <li>NIF, informations d\u2019identification et donn\u00e9es n\u00e9cessaires \u00e0 l\u2019inscription au num\u00e9ro d\u2019utilisateur SNS.<sup><a href=\"#src-14\">[14]<\/a><\/sup><sup><a href=\"#src-15\">[15]<\/a><\/sup><\/li>\n        <\/ul>\n      <\/div>\n\n      <div class=\"checklist\">\n        <div class=\"title\" style=\"font-weight:800;color:var(--accent-2);margin-bottom:8px;\">Pour l\u2019inscription au SNS<\/div>\n        <ul>\n          <li>Num\u00e9ro d\u2019utilisateur SNS.<sup><a href=\"#src-15\">[15]<\/a><\/sup><sup><a href=\"#src-16\">[16]<\/a><\/sup><\/li>\n          <li>Titre de s\u00e9jour.<sup><a href=\"#src-14\">[14]<\/a><\/sup><sup><a href=\"#src-15\">[15]<\/a><\/sup><sup><a href=\"#src-16\">[16]<\/a><\/sup><\/li>\n          <li>Adresse au Portugal, num\u00e9ro fiscal et informations d\u2019identification.<sup><a href=\"#src-14\">[14]<\/a><\/sup><sup><a href=\"#src-15\">[15]<\/a><\/sup><sup><a href=\"#src-16\">[16]<\/a><\/sup><\/li>\n        <\/ul>\n      <\/div>\n\n      <h3>FAQ<\/h3>\n\n      <details>\n        <summary>Peut-on compter sur le SNS d\u00e8s le premier jour de l\u2019installation ?<\/summary>\n        <p>\n          Ce n\u2019est pas une hypoth\u00e8se prudente. Gov.pt indique que la r\u00e9sidence l\u00e9gale constitue la base pour obtenir le num\u00e9ro d\u2019utilisateur SNS, mais pr\u00e9cise aussi que la prise en charge des frais par le SNS d\u00e9pend de donn\u00e9es reli\u00e9es au dossier, notamment un titre de s\u00e9jour valide, un num\u00e9ro fiscal, une pi\u00e8ce d\u2019identit\u00e9 et une adresse au Portugal. Cela plaide pour une strat\u00e9gie de chevauchement, plut\u00f4t qu\u2019un transfert imm\u00e9diat de la couverture visa vers les soins publics.<sup><a href=\"#src-14\">[14]<\/a><\/sup><sup><a href=\"#src-15\">[15]<\/a><\/sup>\n        <\/p>\n      <\/details>\n\n      <details>\n        <summary>D7 ou D8 : quelle voie choisir ?<\/summary>\n        <p>\n          En r\u00e9sum\u00e9, le D7 repose sur une logique de pension \/ revenus propres \/ revenus passifs, tandis que le D8 repose sur une activit\u00e9 \u00e0 distance pour des entit\u00e9s situ\u00e9es hors du Portugal. Si votre activit\u00e9 correspond en r\u00e9alit\u00e9 \u00e0 une entreprise bas\u00e9e au Portugal ou \u00e0 une activit\u00e9 ind\u00e9pendante tourn\u00e9e vers le march\u00e9 portugais, v\u00e9rifiez si la voie entrepreneur \/ travail ind\u00e9pendant est plus adapt\u00e9e.<sup><a href=\"#src-3\">[3]<\/a><\/sup><sup><a href=\"#src-7\">[7]<\/a><\/sup><sup><a href=\"#src-8\">[8]<\/a><\/sup><sup><a href=\"#src-9\">[9]<\/a><\/sup>\n        <\/p>\n      <\/details>\n\n      <details>\n        <summary>Un visa de r\u00e9sidence s\u2019accompagne-t-il encore automatiquement d\u2019un rendez-vous AIMA ?<\/summary>\n        <p>\n          Ne le supposez pas. Les instructions officielles portugaises relatives \u00e0 la r\u00e9servation et \u00e0 la prise de rendez-vous ont chang\u00e9 en 2025, notamment avec des circuits en ligne propres \u00e0 certaines cat\u00e9gories. Consid\u00e9rez la plateforme applicable comme un point \u00e0 v\u00e9rifier en temps r\u00e9el dans les sources officielles correspondant \u00e0 votre voie.<sup><a href=\"#src-12\">[12]<\/a><\/sup><sup><a href=\"#src-13\">[13]<\/a><\/sup>\n        <\/p>\n      <\/details>\n\n      <details>\n        <summary>Une fois le titre de s\u00e9jour d\u00e9livr\u00e9, peut-on r\u00e9silier sa couverture priv\u00e9e ?<\/summary>\n        <p>\n          C\u2019est possible, mais il s\u2019agit d\u2019un choix strat\u00e9gique, et non d\u2019une r\u00e8gle g\u00e9n\u00e9rale. Tout d\u00e9pend du niveau de confiance que vous souhaitez accorder au SNS, de votre besoin d\u2019acc\u00e8s au secteur priv\u00e9 au Portugal, et de la n\u00e9cessit\u00e9 \u00e9ventuelle de conserver une portabilit\u00e9 internationale ou une couverture g\u00e9ographique plus large.<sup><a href=\"#src-14\">[14]<\/a><\/sup><sup><a href=\"#src-15\">[15]<\/a><\/sup><sup><a href=\"#src-16\">[16]<\/a><\/sup><sup><a href=\"#src-21\">[21]<\/a><\/sup><sup><a href=\"#src-22\">[22]<\/a><\/sup><sup><a href=\"#src-23\">[23]<\/a><\/sup><sup><a href=\"#src-24\">[24]<\/a><\/sup><sup><a href=\"#src-25\">[25]<\/a><\/sup><sup><a href=\"#src-26\">[26]<\/a><\/sup>\n        <\/p>\n      <\/details>\n\n      <details>\n        <summary>\u00c0 quoi les familles expatri\u00e9es au Portugal doivent-elles \u00eatre particuli\u00e8rement attentives ?<\/summary>\n        <p>\n          \u00c0 la s\u00e9quence des d\u00e9marches, et pas seulement au prix. Le regroupement familial peut entra\u00eener des calendriers diff\u00e9rents selon les membres du foyer, et AIMA indique que les titres des membres de la famille sont align\u00e9s sur la dur\u00e9e de celui du r\u00e9sident rejoint. La continuit\u00e9 de couverture, les documents et le calendrier deviennent donc plus importants qu\u2019une r\u00e9ponse binaire sur un seul contrat.<sup><a href=\"#src-17\">[17]<\/a><\/sup><sup><a href=\"#src-18\">[18]<\/a><\/sup>\n        <\/p>\n      <\/details>\n    <\/section>\n\n    <section id=\"points-to-verify\">\n      <h2>Points \u00e0 v\u00e9rifier<\/h2>\n\n      <div class=\"callout\">\n        <div class=\"title\">Points \u00e0 v\u00e9rifier selon la voie<\/div>\n        <ul>\n          <li>Votre poste consulaire portugais comp\u00e9tent en 2026 utilise-t-il la m\u00eame version de checklist que celle publi\u00e9e dans le PDF officiel ou sur la page du portail que vous avez consult\u00e9e ?<\/li>\n          <li>La prise de rendez-vous pour votre titre de s\u00e9jour passe-t-elle par un formulaire AIMA, une autre plateforme AIMA ou des instructions propres \u00e0 votre cat\u00e9gorie de visa ?<sup><a href=\"#src-12\">[12]<\/a><\/sup><sup><a href=\"#src-13\">[13]<\/a><\/sup><\/li>\n          <li>Le contrat priv\u00e9 que vous envisagez est-il recevable comme preuve d\u2019assurance pour votre demande D7 ou D8 pr\u00e9cise ? Les sources officielles examin\u00e9es d\u00e9finissent l\u2019exigence, mais ne publient pas de r\u00e8gle universelle selon laquelle \u00ab tous les contrats locaux sont accept\u00e9s \u00bb.<sup><a href=\"#src-8\">[8]<\/a><\/sup><sup><a href=\"#src-9\">[9]<\/a><\/sup><sup><a href=\"#src-10\">[10]<\/a><\/sup><\/li>\n          <li>Pour le D7, comment votre poste consulaire prend-il en compte les justificatifs de logement et la composition du foyer dans le calcul des moyens de subsistance ?<sup><a href=\"#src-6\">[6]<\/a><\/sup><sup><a href=\"#src-8\">[8]<\/a><\/sup><\/li>\n          <li>Pour le D8, devez-vous documenter un emploi salari\u00e9 \u00e0 distance ou des prestations ind\u00e9pendantes \u00e0 distance ?<sup><a href=\"#src-7\">[7]<\/a><\/sup><sup><a href=\"#src-9\">[9]<\/a><\/sup><sup><a href=\"#src-11\">[11]<\/a><\/sup><\/li>\n          <li>Pour le regroupement familial, le membre de la famille demande-t-il depuis l\u2019ext\u00e9rieur du Portugal apr\u00e8s autorisation pr\u00e9alable, ou via une autre voie depuis le territoire portugais ?<sup><a href=\"#src-17\">[17]<\/a><\/sup><sup><a href=\"#src-18\">[18]<\/a><\/sup><\/li>\n        <\/ul>\n      <\/div>\n    <\/section>\n\n\n<div class=\"mehi-consultation\">\n  <section class=\"container consultation-card\" id=\"consultation-section-embed-fr\" aria-label=\"R\u00e9server une consultation gratuite\">\n    <div class=\"card\">\n      <h2>R\u00e9servez une consultation gratuite avec l\u2019un de nos experts francophone<\/h2>\n      <p class=\"consultation-helper\">\n        Choisissez votre conseiller :\n        <strong>Julien<\/strong> (anglais, fran\u00e7ais et espagnol).\n      <\/p>\n\n      <div class=\"consultation-tabs\">\n        <button\n          type=\"button\"\n          class=\"btn btn-secondary consultation-tab\"\n          id=\"consultation-tab-julien-fr\"\n          data-target=\"consultation-panel-julien-fr\"\n          aria-controls=\"consultation-panel-julien-fr\"\n          aria-expanded=\"false\"\n        >\n          R\u00e9server avec Julien\n        <\/button>\n      <\/div>\n\n      <div class=\"consultation-panels\">\n        <div\n          class=\"consultation-panel\"\n          id=\"consultation-panel-julien-fr\"\n          hidden\n        >\n          <p class=\"consultation-label\">\n            <strong>Julien<\/strong> \u2014 anglais, fran\u00e7ais et espagnol\n          <\/p>\n\n          <div\n            class=\"calendly-inline-widget\"\n            data-url=\"https:\/\/calendly.com\/julien-negrello-big-brokers\/30min?hide_event_type_details=1&#038;hide_gdpr_banner=1\"\n            style=\"min-width:320px;height:700px;\"\n          ><\/div>\n        <\/div>\n      <\/div>\n    <\/div>\n  <\/section>\n<\/div>\n\n<script src=\"https:\/\/assets.calendly.com\/assets\/external\/widget.js\" async><\/script>\n\n<script>\n  document.addEventListener('DOMContentLoaded', function () {\n    var section = document.getElementById('consultation-section-embed-fr');\n    if (!section) return;\n\n    var tabs = section.querySelectorAll('.consultation-tab');\n    var panels = section.querySelectorAll('.consultation-panel');\n\n    function hideAllPanels() {\n      panels.forEach(function (panel) {\n        panel.hidden = true;\n        panel.classList.remove('is-active');\n      });\n\n      tabs.forEach(function (tab) {\n        tab.classList.remove('is-active');\n        tab.setAttribute('aria-expanded', 'false');\n      });\n    }\n\n    tabs.forEach(function (tab) {\n      tab.addEventListener('click', function () {\n        var targetId = tab.getAttribute('data-target');\n        var targetPanel = document.getElementById(targetId);\n        var isAlreadyOpen = targetPanel && !targetPanel.hidden;\n\n        hideAllPanels();\n\n        if (!isAlreadyOpen && targetPanel) {\n          targetPanel.hidden = false;\n          targetPanel.classList.add('is-active');\n          tab.classList.add('is-active');\n          tab.setAttribute('aria-expanded', 'true');\n        }\n      });\n    });\n\n    hideAllPanels();\n  });\n<\/script>\n\n    <section id=\"sources\" class=\"footer\">\n      <h2>Ressources \/ Sources<\/h2>\n\n      <ul class=\"sources\">\n        <li id=\"src-1\"><strong>[1]<\/strong> Informations sur les visas \u2013 Ambassade du Portugal \u00e0 Washington, DC<br><a href=\"https:\/\/washingtondc.embaixadaportugal.mne.gov.pt\/en\/consular-services\/visa-information\">https:\/\/washingtondc.embaixadaportugal.mne.gov.pt\/en\/consular-services\/visa-information<\/a><\/li>\n\n        <li id=\"src-2\"><strong>[2]<\/strong> Qui a besoin d\u2019un visa ? \u2013 Portugal Visa Portal<br><a href=\"https:\/\/vistos.mne.gov.pt\/en\/national-visas\/general-information\/who-needs-a-visa\">https:\/\/vistos.mne.gov.pt\/en\/national-visas\/general-information\/who-needs-a-visa<\/a><\/li>\n\n        <li id=\"src-3\"><strong>[3]<\/strong> Type de visa \u2013 Visas nationaux \u2013 Portugal Visa Portal<br><a href=\"https:\/\/vistos.mne.gov.pt\/en\/national-visas\/general-information\/type-of-visa\">https:\/\/vistos.mne.gov.pt\/en\/national-visas\/general-information\/type-of-visa<\/a><\/li>\n\n        <li id=\"src-4\"><strong>[4]<\/strong> D\u00e9lais \u2013 Visas nationaux \u2013 Portugal Visa Portal<br><a href=\"https:\/\/vistos.mne.gov.pt\/en\/national-visas\/general-information\/deadlines\">https:\/\/vistos.mne.gov.pt\/en\/national-visas\/general-information\/deadlines<\/a><\/li>\n\n        <li id=\"src-5\"><strong>[5]<\/strong> Visa de r\u00e9sidence \u2013 Consulat g\u00e9n\u00e9ral du Portugal \u00e0 Toronto<br><a href=\"https:\/\/toronto.consuladoportugal.mne.gov.pt\/en\/consular-matters\/visa\/residency-visa\">https:\/\/toronto.consuladoportugal.mne.gov.pt\/en\/consular-matters\/visa\/residency-visa<\/a><\/li>\n\n        <li id=\"src-6\"><strong>[6]<\/strong> Moyens de subsistance \u2013 Visas nationaux \u2013 Portugal Visa Portal<br><a href=\"https:\/\/vistos.mne.gov.pt\/en\/national-visas\/necessary-documentation\/means-of-subsistence\">https:\/\/vistos.mne.gov.pt\/en\/national-visas\/necessary-documentation\/means-of-subsistence<\/a><\/li>\n\n        <li id=\"src-7\"><strong>[7]<\/strong> R\u00e9sidence \u2013 Documentation n\u00e9cessaire \u2013 Visas nationaux \u2013 Portugal Visa Portal<br><a href=\"https:\/\/vistos.mne.gov.pt\/en\/national-visas\/necessary-documentation\/residency\">https:\/\/vistos.mne.gov.pt\/en\/national-visas\/necessary-documentation\/residency<\/a><\/li>\n\n        <li id=\"src-8\"><strong>[8]<\/strong> Checklist D7 \u2013 Ambassade du Portugal \u00e0 Washington, DC<br><a href=\"https:\/\/washingtondc.embaixadaportugal.mne.gov.pt\/images\/d7_residency_visa_for_establishment_of_residence_for_pensioners_people_living_on_their_own_income_-_en.pdf\">https:\/\/washingtondc.embaixadaportugal.mne.gov.pt\/images\/d7_residency_visa_for_establishment_of_residence_for_pensioners_people_living_on_their_own_income_-_en.pdf<\/a><\/li>\n\n        <li id=\"src-9\"><strong>[9]<\/strong> Checklist D9 travail \u00e0 distance \u2013 Ambassade du Portugal \u00e0 Washington, DC<br><a href=\"https:\/\/washingtondc.embaixadaportugal.mne.gov.pt\/images\/d9_residency_visa_for_remote_work_-_digital_nomads_-_en.pdf\">https:\/\/washingtondc.embaixadaportugal.mne.gov.pt\/images\/d9_residency_visa_for_remote_work_-_digital_nomads_-_en.pdf<\/a><\/li>\n\n        <li id=\"src-10\"><strong>[10]<\/strong> Exigences g\u00e9n\u00e9rales relatives au titre de s\u00e9jour \u2013 AIMA<br><a href=\"https:\/\/aima.gov.pt\/pt\/viver\/autorizacao-de-residencia-regime-e-requisitos-gerais-art-o-77-o-n-o-1\">https:\/\/aima.gov.pt\/pt\/viver\/autorizacao-de-residencia-regime-e-requisitos-gerais-art-o-77-o-n-o-1<\/a><\/li>\n\n        <li id=\"src-11\"><strong>[11]<\/strong> Titre de s\u00e9jour pour travail \u00e0 distance \u2013 AIMA<br><a href=\"https:\/\/aima.gov.pt\/pt\/trabalhar\/autorizacao-de-residencia-para-o-exercicio-de-atividade-profissional-prestada-de-forma-remota-com-visto-de-residencia-para-o-exe\">https:\/\/aima.gov.pt\/pt\/trabalhar\/autorizacao-de-residencia-para-o-exercicio-de-atividade-profissional-prestada-de-forma-remota-com-visto-de-residencia-para-o-exe<\/a><\/li>\n\n        <li id=\"src-12\"><strong>[12]<\/strong> Prise de rendez-vous en ligne pour autorisation de r\u00e9sidence avec visa consulaire \u2013 AIMA<br><a href=\"https:\/\/aima.gov.pt\/pt\/noticias\/agendamento-de-autorizacao-de-residencia-para-quem-dispoe-de-visto-consular\">https:\/\/aima.gov.pt\/pt\/noticias\/agendamento-de-autorizacao-de-residencia-para-quem-dispoe-de-visto-consular<\/a><\/li>\n\n        <li id=\"src-13\"><strong>[13]<\/strong> Points forts de la prise de rendez-vous AIMA \u2013 Portugal Visa Portal<br><a href=\"https:\/\/vistos.mne.gov.pt\/en\/highlights\/aima-scheduling-platforms\">https:\/\/vistos.mne.gov.pt\/en\/highlights\/aima-scheduling-platforms<\/a><br><a href=\"https:\/\/vistos.mne.gov.pt\/en\/highlights\/residence-visa-issued-without-appointment-at-aima\">https:\/\/vistos.mne.gov.pt\/en\/highlights\/residence-visa-issued-without-appointment-at-aima<\/a><\/li>\n\n        <li id=\"src-14\"><strong>[14]<\/strong> Migrants : soins de sant\u00e9 au Portugal \u2013 gov.pt<br><a href=\"https:\/\/www2.gov.pt\/en\/migrantes-viver-e-trabalhar-em-portugal\/migrantes-cuidados-de-saude-em-portugal\">https:\/\/www2.gov.pt\/en\/migrantes-viver-e-trabalhar-em-portugal\/migrantes-cuidados-de-saude-em-portugal<\/a><\/li>\n\n        <li id=\"src-15\"><strong>[15]<\/strong> Obtenir un num\u00e9ro d\u2019utilisateur du Service national de sant\u00e9 \u2013 gov.pt<br><a href=\"https:\/\/www2.gov.pt\/en\/servicos\/pedir-o-numero-de-utente-do-sns\">https:\/\/www2.gov.pt\/en\/servicos\/pedir-o-numero-de-utente-do-sns<\/a><\/li>\n\n        <li id=\"src-16\"><strong>[16]<\/strong> S\u2019inscrire au centre de sant\u00e9 \u2013 gov.pt<br><a href=\"https:\/\/www2.gov.pt\/en\/servicos\/inscrever-se-no-centro-de-saude\">https:\/\/www2.gov.pt\/en\/servicos\/inscrever-se-no-centro-de-saude<\/a><\/li>\n\n        <li id=\"src-17\"><strong>[17]<\/strong> Regroupement familial \u2013 AIMA<br><a href=\"https:\/\/aima.gov.pt\/pt\/viver\/reagrupamento-familiar-com-familiar-fora-de-territorio-nacional-art-98-o-n-o-1\">https:\/\/aima.gov.pt\/pt\/viver\/reagrupamento-familiar-com-familiar-fora-de-territorio-nacional-art-98-o-n-o-1<\/a><br><a href=\"https:\/\/aima.gov.pt\/pt\/viver\/reagrupamento-familiar-com-familiar-em-territorio-nacional-art-98-o-n-o-2\">https:\/\/aima.gov.pt\/pt\/viver\/reagrupamento-familiar-com-familiar-em-territorio-nacional-art-98-o-n-o-2<\/a><\/li>\n\n        <li id=\"src-18\"><strong>[18]<\/strong> Regroupement familial \u2013 Portugal Visa Portal<br><a href=\"https:\/\/vistos.mne.gov.pt\/en\/national-visas\/general-information\/family-reunification\">https:\/\/vistos.mne.gov.pt\/en\/national-visas\/general-information\/family-reunification<\/a><\/li>\n\n        <li id=\"src-19\"><strong>[19]<\/strong> Renouvellement de r\u00e9sidence : questions et r\u00e9ponses \u2013 IRN<br><a href=\"https:\/\/irn.justica.gov.pt\/Servicos\/Cidadao\/Renovar-autorizacao-de-residencia\/Renovacao-de-residencia-perguntas-e-respostas\">https:\/\/irn.justica.gov.pt\/Servicos\/Cidadao\/Renovar-autorizacao-de-residencia\/Renovacao-de-residencia-perguntas-e-respostas<\/a><\/li>\n\n        <li id=\"src-20\"><strong>[20]<\/strong> Le portail des renouvellements est disponible \u2013 AIMA<br><a href=\"https:\/\/aima.gov.pt\/pt\/noticias\/o-portal-das-renovacoes-ja-esta-disponivel\">https:\/\/aima.gov.pt\/pt\/noticias\/o-portal-das-renovacoes-ja-esta-disponivel<\/a><\/li>\n\n        <li id=\"src-21\"><strong>[21]<\/strong> Assurance sant\u00e9 internationale pour professionnels mondiaux \u2013 Cigna Global<br><a href=\"https:\/\/www.cignaglobal.com\/global-professionals\">https:\/\/www.cignaglobal.com\/global-professionals<\/a><\/li>\n\n        <li id=\"src-22\"><strong>[22]<\/strong> Formules d\u2019assurance sant\u00e9 internationale \u2013 AXA Global Healthcare<br><a href=\"https:\/\/www.axaglobalhealthcare.com\/en\/international-health-insurance\/\">https:\/\/www.axaglobalhealthcare.com\/en\/international-health-insurance\/<\/a><\/li>\n\n        <li id=\"src-23\"><strong>[23]<\/strong> Faut-il choisir une assurance sant\u00e9 locale ou internationale ? \u2013 APRIL International<br><a href=\"https:\/\/www.april-international.com\/en\/long-term-international-health-insurance\/guide\/should-you-choose-local-or-international-health-insurance-plan\">https:\/\/www.april-international.com\/en\/long-term-international-health-insurance\/guide\/should-you-choose-local-or-international-health-insurance-plan<\/a><\/li>\n\n        <li id=\"src-24\"><strong>[24]<\/strong> Formules d\u2019assurance sant\u00e9 internationale \u2013 Allianz Care<br><a href=\"https:\/\/www.allianzcare.com\/en\/personal-international-health-insurance\/products-and-services\/international-healthcare-plans.html\">https:\/\/www.allianzcare.com\/en\/personal-international-health-insurance\/products-and-services\/international-healthcare-plans.html<\/a><\/li>\n\n        <li id=\"src-25\"><strong>[25]<\/strong> Assurance sant\u00e9 pour expatri\u00e9s \u2013 Bupa Global<br><a href=\"https:\/\/www.bupaglobal.com\/en\/for-you\/expat\">https:\/\/www.bupaglobal.com\/en\/for-you\/expat<\/a><\/li>\n\n        <li id=\"src-26\"><strong>[26]<\/strong> Assurance sant\u00e9 pour expatri\u00e9s \u2013 Now Health International<br><a href=\"https:\/\/www.now-health.com\/en\/expat-health-insurance\/\">https:\/\/www.now-health.com\/en\/expat-health-insurance\/<\/a><\/li>\n      <\/ul>\n\n      <h2>Avertissement<\/h2>\n      <p>\n        Cet article est fourni \u00e0 titre d\u2019information g\u00e9n\u00e9rale uniquement et ne constitue pas un conseil juridique, migratoire, fiscal, m\u00e9dical ou assurantiel. Les r\u00e8gles de visa, les processus AIMA, les pratiques d\u2019inscription au SNS et les conditions des assureurs peuvent \u00e9voluer, et les checklists consulaires propres \u00e0 chaque voie peuvent diff\u00e9rer selon la juridiction. Avant de vous appuyer sur une solution d\u2019assurance pour une installation au Portugal, v\u00e9rifiez la page officielle \u00e0 jour de l\u2019autorit\u00e9 comp\u00e9tente pour votre voie et les conditions exactes du contrat que vous envisagez.\n      <\/p>\n    <\/section>\n\n  <\/div>\n<\/article>\n","protected":false},"excerpt":{"rendered":"<p>Si vous \u00eates citoyen am\u00e9ricain et que vous vous installez au Portugal en 2026, le choix de votre assurance sant\u00e9 ne se r\u00e9sume pas \u00e0 une d\u00e9cision unique. Il s\u2019agit&#8230;<\/p>\n","protected":false},"author":4,"featured_media":32761,"comment_status":"closed","ping_status":"closed","sticky":false,"template":"","format":"standard","meta":{"content-type":"","footnotes":""},"categories":[62],"tags":[],"class_list":{"0":"post-32767","1":"post","2":"type-post","3":"status-publish","4":"format-standard","5":"has-post-thumbnail","7":"category-particuliers-familles"},"_links":{"self":[{"href":"https:\/\/big-brokers-health.com\/fr\/wp-json\/wp\/v2\/posts\/32767","targetHints":{"allow":["GET"]}}],"collection":[{"href":"https:\/\/big-brokers-health.com\/fr\/wp-json\/wp\/v2\/posts"}],"about":[{"href":"https:\/\/big-brokers-health.com\/fr\/wp-json\/wp\/v2\/types\/post"}],"author":[{"embeddable":true,"href":"https:\/\/big-brokers-health.com\/fr\/wp-json\/wp\/v2\/users\/4"}],"replies":[{"embeddable":true,"href":"https:\/\/big-brokers-health.com\/fr\/wp-json\/wp\/v2\/comments?post=32767"}],"version-history":[{"count":1,"href":"https:\/\/big-brokers-health.com\/fr\/wp-json\/wp\/v2\/posts\/32767\/revisions"}],"predecessor-version":[{"id":32768,"href":"https:\/\/big-brokers-health.com\/fr\/wp-json\/wp\/v2\/posts\/32767\/revisions\/32768"}],"wp:featuredmedia":[{"embeddable":true,"href":"https:\/\/big-brokers-health.com\/fr\/wp-json\/wp\/v2\/media\/32761"}],"wp:attachment":[{"href":"https:\/\/big-brokers-health.com\/fr\/wp-json\/wp\/v2\/media?parent=32767"}],"wp:term":[{"taxonomy":"category","embeddable":true,"href":"https:\/\/big-brokers-health.com\/fr\/wp-json\/wp\/v2\/categories?post=32767"},{"taxonomy":"post_tag","embeddable":true,"href":"https:\/\/big-brokers-health.com\/fr\/wp-json\/wp\/v2\/tags?post=32767"}],"curies":[{"name":"wp","href":"https:\/\/api.w.org\/{rel}","templated":true}]}}